{"id":49891,"date":"2018-09-25T13:26:08","date_gmt":"2018-09-25T13:26:08","guid":{"rendered":"https:\/\/emob2018.it\/?p=49891"},"modified":"2020-06-03T09:57:35","modified_gmt":"2020-06-03T07:57:35","slug":"la-cultura-elettrica-al-servizio-della-salute-dei-cittadini","status":"publish","type":"post","link":"https:\/\/emob-italia.it\/en\/2018\/09\/25\/la-cultura-elettrica-al-servizio-della-salute-dei-cittadini\/","title":{"rendered":"La cultura elettrica al servizio della salute dei cittadini"},"content":{"rendered":"\n[et_pb_section bb_built=&#8221;1&#8243; admin_label=&#8221;section&#8221; _builder_version=&#8221;3.0.47&#8243;][et_pb_row admin_label=&#8221;row&#8221; _builder_version=&#8221;3.0.48&#8243; background_size=&#8221;initial&#8221; background_position=&#8221;top_left&#8221; background_repeat=&#8221;repeat&#8221;][et_pb_column type=&#8221;4_4&#8243;][et_pb_text admin_label=&#8221;Text&#8221; _builder_version=&#8221;3.15&#8243; background_size=&#8221;initial&#8221; background_position=&#8221;top_left&#8221; background_repeat=&#8221;repeat&#8221; header_5_font=&#8221;|||on|||||&#8221; header_5_line_height=&#8221;1.7em&#8221;]\n<div class=\"page\" title=\"Page 1\">\n<div class=\"layoutArea\">\n<div class=\"column\">\n<em>Foto di Stefano Elidori<\/em>\n<h5><\/h5>\n<h5 style=\"text-align: center;\"><strong><em>Alla scoperta del \u201cManifesto della mobilit\u00e0 elettrica\u201d <\/em><\/strong><strong><em>e delle agevolazioni per guidare a zero emissioni <\/em><\/strong><\/h5>\n<\/div>\n<\/div>\n<\/div>\n<strong><em>Il \u201cpopolo elettrico\u201d e gli autori di libri sulla mobilit\u00e0 elettrica si incontrano <\/em><\/strong><strong><em>il 29 settembre a Palazzo Lombardia di Milano<\/em><\/strong>\n(Milano 25 settembre 2018) L\u2019ultima giornata che chiuder\u00e0 e_mob sar\u00e0 all\u2019insegna della <strong>cultura elettrica<\/strong>. Sabato <strong>29 settembre<\/strong> si chiuder\u00e0 la tre giorni della Conferenza Nazionale della Mobilit\u00e0 Elettrica, al via il 27 settembre a <strong>Palazzo Lombardia<\/strong> di Milano.\nUna giornata dedicata non soltanto ai possessori e agli estimatori dei veicoli a batterie, ma <strong>aperta a tutti i cittadini<\/strong> perch\u00e9 la diffusione dei modelli a zero emissioni \u00e8 una questione che riguarda la collettivit\u00e0. La riduzione delle emissioni inquinanti e di anidride carbonica garantita dalla mobilit\u00e0 con la \u201cscossa\u201d va, infatti, a vantaggio di tutti con la riduzione delle spese sanitarie dovute ai ricoveri per smog e degli eventi climatici estremi generati dalla concentrazione dei gas serra.\n<h5 style=\"text-align: center;\"><strong>L\u2019incontro con il \u201cpopolo elettrico\u201d<\/strong><\/h5>\nL\u2019appuntamento con la cultura elettrica inizia con il <strong>raduno di veicoli a batterie<\/strong> in viale Francesco Restelli dove si potr\u00e0 conoscere dall\u2019esperienza diretta di centinaia di possessori i <strong>vantaggi del guidare elettrico<\/strong> e le difficolt\u00e0 da superare. Un dialogare che proseguir\u00e0 con \u201c<strong>Ascoltare il popolo dell\u2019elettrico<\/strong>\u201d, incontro coordinato da <strong>Camillo Piazza<\/strong> di Class Onlus dove si approfondiranno le tematiche con la \u201cscossa\u201d e durante il quale verranno presentati tre libri sulla mobilit\u00e0 elettrica: \u201c<strong>L\u2019ultima auto a benzina<\/strong>\u201d di Mario Grosso, \u201c<strong>L\u2019auto elettrica fa per me<\/strong>!\u201d di Pasquale Pizzichetti e \u201c<strong>Autoshock<\/strong>\u201d di Guido Fonatanelli.\n<h5 style=\"text-align: center;\"><strong>Le agevolazioni a zero emissioni<\/strong><\/h5>\nLa conoscenza del mondo delle due e quattro ruote a batterie proseguir\u00e0 nel pomeriggio con il seminario \u201c<strong>Bisogni dei consumatori: incentivi diretti ed indiretti<\/strong> per la mobilit\u00e0 elettrica, agevolazioni e convenzioni, sistemi privati di produzione ed accumulo energetico\u201d. Un convegno curato da <strong>Adiconsum <\/strong>&#8211;<strong> Associazione Difesa Consumatori e ambiente &#8211;<\/strong> in collaborazione con <strong>Itas Mutua Assicurazioni<\/strong> nel quale verranno presentate le iniziative a favore di chi sceglie la sostenibilit\u00e0 ambientale. Grazie agli interventi dei relatori, la mobilit\u00e0 elettrica e i bisogni dei consumatori verranno analizzati da pi\u00f9 angolazioni, dal punto di vista: della tassazione e quindi della fiscalit\u00e0 con il professore Leonardo Becchetti di Next-Nuova Economia x tutti; della circolazione e le modifiche da apportare al Codice della Strada con la dottoressa Simonetta Lo Brutto della Polizia Stradale di Milano; della produzione e il contributo che lavoratori e imprese possono portare con Angelo Colombini, Segretario confederale Cisl; della tariffazione con le aziende energetiche Enel X e a2a; dell\u2019assicurazione con le proposte assicurative dedicate ai modelli a emissioni zero di Itas Mutua, compagnia assicurativa che a e_mob presenter\u00e0 un&#8217;offerta dedicata alla <strong>sicurezza<\/strong> di chi sceglie la mobilit\u00e0 green che promette di essere vantaggiosa e pratica.\n<h5 style=\"text-align: center;\"><strong>Il Manifesto di Adiconsum<\/strong><\/h5>\nDi interesse pubblico \u00e8 la presentazione del \u201c<strong>Manifesto della mobilit\u00e0 elettrica<\/strong>\u201d elaborato da <strong>Adiconsum<\/strong>. Un documento inviato ai rappresentanti di Governo e Parlamento e contenente analisi e proposte concrete per accelerare la <strong>diffusione della mobilit\u00e0 elettrica<\/strong>, la principale strategia per arrivare ad una vera sostenibilit\u00e0 e nel rispetto degli impegni internazionali sul clima presi dall\u2019Italia. Redatto dagli esperti dell\u2019associazione dei consumatori, il testo affronta diversi temi, come la ricarica e i <strong>costi di energia<\/strong>, il cambio di abitudini, i riflessi sullo <strong>sharing<\/strong>, le ripercussioni sulla vendita dei veicoli e il nodo <strong>incentivi <\/strong>e li dibatte con gli interessati.\n<p style=\"text-align: center;\"><em>\u201c<\/em><strong><em>e_mob<\/em><\/strong><em>\u201d \u00e8 il pi\u00f9 importante evento in Italia legato ai temi della mobilit\u00e0 elettrica, promosso da Enti locali, Aziende e Istituzioni col fine di diffondere, sul territorio nazionale, la cultura di un sistema ambientale sostenibile. <\/em><em>A Milano dal 27 al 29 settembre, Palazzo Lombardia.<\/em><\/p>\n[\/et_pb_text][et_pb_text _builder_version=&#8221;3.15&#8243;]\n<strong>Comitato promotore<\/strong>\nComune di Milano, Regione Lombardia, Camera di commercio Milano Monza Brianza Lodi, a2a, Class Onlus, Cobat, Gruppo Hera, Enel Edison, Itas Assicurazioni\n<strong>Comitato scientifico<\/strong>\nRSE Ricerca Sistema Energetico, Ancma, Agenzia Mobilit\u00e0 Ambiente Territorio, Utilitalia, ATM Milano, Adiconsum, Asstra, Elettricit\u00e0 Futura, Amsa, Cei Cives\n<strong>Patrocini<\/strong>\nMinistero dell\u2019Ambiente e della Tutela del Territorio e del Mare, Anci\n<strong>Citt\u00e0 promotrici della Carta della Mobilit\u00e0 Elettrica<\/strong>\nMilano, Torino, Firenze, Varese, Bologna\n[\/et_pb_text][\/et_pb_column][\/et_pb_row][\/et_pb_section]\n","protected":false},"excerpt":{"rendered":"<p>Foto di Stefano Elidori Alla scoperta del \u201cManifesto della mobilit\u00e0 elettrica\u201d e delle agevolazioni per guidare a zero emissioni Il \u201cpopolo elettrico\u201d e gli autori di libri sulla mobilit\u00e0 elettrica si incontrano il 29 settembre a Palazzo Lombardia di Milano (Milano 25 settembre 2018) L\u2019ultima giornata che chiuder\u00e0 e_mob sar\u00e0 all\u2019insegna della cultura elettrica. Sabato [&hellip;]<\/p>\n","protected":false},"author":2,"featured_media":51655,"comment_status":"open","ping_status":"open","sticky":false,"template":"","format":"standard","meta":{"_et_pb_use_builder":"on","_et_pb_old_content":"","_et_gb_content_width":"","_exactmetrics_skip_tracking":false,"_exactmetrics_sitenote_active":false,"_exactmetrics_sitenote_note":"","_exactmetrics_sitenote_category":0,"footnotes":""},"categories":[27,332],"tags":[165,10],"yoast_head":"<!-- This site is optimized with the Yoast SEO plugin v22.9 - https:\/\/yoast.com\/wordpress\/plugins\/seo\/ -->\n<title>La cultura elettrica al servizio della salute dei cittadini &#8226; e_mob<\/title>\n<meta name=\"description\" content=\"e_mob \u00e8 il tavolo permanente degli stakeholder della mobilit\u00e0 elettrica in Italia. Organizza ogni anno a Milano la Conferenza Nazionale del settore, nel 2021 in programma dal 16 al 19 ottobre.\" \/>\n<meta name=\"robots\" content=\"index, follow, max-snippet:-1, max-image-preview:large, max-video-preview:-1\" \/>\n<link rel=\"canonical\" href=\"https:\/\/emob-italia.it\/2018\/09\/25\/la-cultura-elettrica-al-servizio-della-salute-dei-cittadini\/\" \/>\n<meta property=\"og:locale\" content=\"en_US\" \/>\n<meta property=\"og:type\" content=\"article\" \/>\n<meta property=\"og:title\" content=\"La cultura elettrica al servizio della salute dei cittadini &#8226; e_mob\" \/>\n<meta property=\"og:description\" content=\"e_mob \u00e8 il tavolo permanente degli stakeholder della mobilit\u00e0 elettrica in Italia. Organizza ogni anno a Milano la Conferenza Nazionale del settore, nel 2021 in programma dal 16 al 19 ottobre.\" \/>\n<meta property=\"og:url\" content=\"https:\/\/emob-italia.it\/2018\/09\/25\/la-cultura-elettrica-al-servizio-della-salute-dei-cittadini\/\" \/>\n<meta property=\"og:site_name\" content=\"e_mob\" \/>\n<meta property=\"article:publisher\" content=\"https:\/\/www.facebook.com\/emobitalia\/\" \/>\n<meta property=\"article:published_time\" content=\"2018-09-25T13:26:08+00:00\" \/>\n<meta property=\"article:modified_time\" content=\"2020-06-03T07:57:35+00:00\" \/>\n<meta property=\"og:image\" content=\"https:\/\/emob-italia.it\/wp-content\/uploads\/2018\/09\/Comunicato-11.jpg\" \/>\n\t<meta property=\"og:image:width\" content=\"1200\" \/>\n\t<meta property=\"og:image:height\" content=\"630\" \/>\n\t<meta property=\"og:image:type\" content=\"image\/jpeg\" \/>\n<meta name=\"author\" content=\"Nadia Paglia\" \/>\n<meta name=\"twitter:label1\" content=\"Written by\" \/>\n\t<meta name=\"twitter:data1\" content=\"Nadia Paglia\" \/>\n\t<meta name=\"twitter:label2\" content=\"Est. reading time\" \/>\n\t<meta name=\"twitter:data2\" content=\"4 minutes\" \/>\n<script type=\"application\/ld+json\" class=\"yoast-schema-graph\">{\"@context\":\"https:\/\/schema.org\",\"@graph\":[{\"@type\":\"Article\",\"@id\":\"https:\/\/emob-italia.it\/2018\/09\/25\/la-cultura-elettrica-al-servizio-della-salute-dei-cittadini\/#article\",\"isPartOf\":{\"@id\":\"https:\/\/emob-italia.it\/2018\/09\/25\/la-cultura-elettrica-al-servizio-della-salute-dei-cittadini\/\"},\"author\":{\"name\":\"Nadia Paglia\",\"@id\":\"https:\/\/emob-italia.it\/#\/schema\/person\/e96f2fe472d4dcca75c9ca51f8951bc5\"},\"headline\":\"La cultura elettrica al servizio della salute dei cittadini\",\"datePublished\":\"2018-09-25T13:26:08+00:00\",\"dateModified\":\"2020-06-03T07:57:35+00:00\",\"mainEntityOfPage\":{\"@id\":\"https:\/\/emob-italia.it\/2018\/09\/25\/la-cultura-elettrica-al-servizio-della-salute-dei-cittadini\/\"},\"wordCount\":762,\"commentCount\":0,\"publisher\":{\"@id\":\"https:\/\/emob-italia.it\/#organization\"},\"image\":{\"@id\":\"https:\/\/emob-italia.it\/2018\/09\/25\/la-cultura-elettrica-al-servizio-della-salute-dei-cittadini\/#primaryimage\"},\"thumbnailUrl\":\"https:\/\/emob-italia.it\/wp-content\/uploads\/2018\/09\/Comunicato-11.jpg\",\"keywords\":[\"emob\",\"mobilit\u00e0 elettrica\"],\"articleSection\":[\"Comunicati stampa\",\"Settembre 2018\"],\"inLanguage\":\"en-US\",\"potentialAction\":[{\"@type\":\"CommentAction\",\"name\":\"Comment\",\"target\":[\"https:\/\/emob-italia.it\/2018\/09\/25\/la-cultura-elettrica-al-servizio-della-salute-dei-cittadini\/#respond\"]}]},{\"@type\":\"WebPage\",\"@id\":\"https:\/\/emob-italia.it\/2018\/09\/25\/la-cultura-elettrica-al-servizio-della-salute-dei-cittadini\/\",\"url\":\"https:\/\/emob-italia.it\/2018\/09\/25\/la-cultura-elettrica-al-servizio-della-salute-dei-cittadini\/\",\"name\":\"La cultura elettrica al servizio della salute dei cittadini &#8226; e_mob\",\"isPartOf\":{\"@id\":\"https:\/\/emob-italia.it\/#website\"},\"primaryImageOfPage\":{\"@id\":\"https:\/\/emob-italia.it\/2018\/09\/25\/la-cultura-elettrica-al-servizio-della-salute-dei-cittadini\/#primaryimage\"},\"image\":{\"@id\":\"https:\/\/emob-italia.it\/2018\/09\/25\/la-cultura-elettrica-al-servizio-della-salute-dei-cittadini\/#primaryimage\"},\"thumbnailUrl\":\"https:\/\/emob-italia.it\/wp-content\/uploads\/2018\/09\/Comunicato-11.jpg\",\"datePublished\":\"2018-09-25T13:26:08+00:00\",\"dateModified\":\"2020-06-03T07:57:35+00:00\",\"description\":\"e_mob \u00e8 il tavolo permanente degli stakeholder della mobilit\u00e0 elettrica in Italia. Organizza ogni anno a Milano la Conferenza Nazionale del settore, nel 2021 in programma dal 16 al 19 ottobre.\",\"breadcrumb\":{\"@id\":\"https:\/\/emob-italia.it\/2018\/09\/25\/la-cultura-elettrica-al-servizio-della-salute-dei-cittadini\/#breadcrumb\"},\"inLanguage\":\"en-US\",\"potentialAction\":[{\"@type\":\"ReadAction\",\"target\":[\"https:\/\/emob-italia.it\/2018\/09\/25\/la-cultura-elettrica-al-servizio-della-salute-dei-cittadini\/\"]}]},{\"@type\":\"ImageObject\",\"inLanguage\":\"en-US\",\"@id\":\"https:\/\/emob-italia.it\/2018\/09\/25\/la-cultura-elettrica-al-servizio-della-salute-dei-cittadini\/#primaryimage\",\"url\":\"https:\/\/emob-italia.it\/wp-content\/uploads\/2018\/09\/Comunicato-11.jpg\",\"contentUrl\":\"https:\/\/emob-italia.it\/wp-content\/uploads\/2018\/09\/Comunicato-11.jpg\",\"width\":1200,\"height\":630},{\"@type\":\"BreadcrumbList\",\"@id\":\"https:\/\/emob-italia.it\/2018\/09\/25\/la-cultura-elettrica-al-servizio-della-salute-dei-cittadini\/#breadcrumb\",\"itemListElement\":[{\"@type\":\"ListItem\",\"position\":1,\"name\":\"Home\",\"item\":\"https:\/\/emob-italia.it\/en\/\"},{\"@type\":\"ListItem\",\"position\":2,\"name\":\"La cultura elettrica al servizio della salute dei cittadini\"}]},{\"@type\":\"WebSite\",\"@id\":\"https:\/\/emob-italia.it\/#website\",\"url\":\"https:\/\/emob-italia.it\/\",\"name\":\"e_mob\",\"description\":\"Mobilit\u00e0 Elettrica\",\"publisher\":{\"@id\":\"https:\/\/emob-italia.it\/#organization\"},\"potentialAction\":[{\"@type\":\"SearchAction\",\"target\":{\"@type\":\"EntryPoint\",\"urlTemplate\":\"https:\/\/emob-italia.it\/?s={search_term_string}\"},\"query-input\":\"required name=search_term_string\"}],\"inLanguage\":\"en-US\"},{\"@type\":\"Organization\",\"@id\":\"https:\/\/emob-italia.it\/#organization\",\"name\":\"Class Onlus\",\"url\":\"https:\/\/emob-italia.it\/\",\"logo\":{\"@type\":\"ImageObject\",\"inLanguage\":\"en-US\",\"@id\":\"https:\/\/emob-italia.it\/#\/schema\/logo\/image\/\",\"url\":\"https:\/\/emob-italia.it\/wp-content\/uploads\/2019\/03\/0_CLASS-ONLUS-logo-web.png\",\"contentUrl\":\"https:\/\/emob-italia.it\/wp-content\/uploads\/2019\/03\/0_CLASS-ONLUS-logo-web.png\",\"width\":598,\"height\":202,\"caption\":\"Class Onlus\"},\"image\":{\"@id\":\"https:\/\/emob-italia.it\/#\/schema\/logo\/image\/\"},\"sameAs\":[\"https:\/\/www.facebook.com\/emobitalia\/\",\"https:\/\/www.instagram.com\/e_mob_italia\/\",\"https:\/\/www.linkedin.com\/groups\/12186185\/\",\"https:\/\/www.youtube.com\/channel\/UCvnTcrhggAX_AkFwGxRfqFw\/featured?view_as=subscriber\"]},{\"@type\":\"Person\",\"@id\":\"https:\/\/emob-italia.it\/#\/schema\/person\/e96f2fe472d4dcca75c9ca51f8951bc5\",\"name\":\"Nadia Paglia\",\"image\":{\"@type\":\"ImageObject\",\"inLanguage\":\"en-US\",\"@id\":\"https:\/\/emob-italia.it\/#\/schema\/person\/image\/\",\"url\":\"https:\/\/secure.gravatar.com\/avatar\/02e0cd654df2106544e1a6f3ee921a91?s=96&r=g\",\"contentUrl\":\"https:\/\/secure.gravatar.com\/avatar\/02e0cd654df2106544e1a6f3ee921a91?s=96&r=g\",\"caption\":\"Nadia Paglia\"},\"url\":\"https:\/\/emob-italia.it\/en\/author\/nadia-paglia\/\"}]}<\/script>\n<!-- \/ Yoast SEO plugin. -->","yoast_head_json":{"title":"La cultura elettrica al servizio della salute dei cittadini &#8226; e_mob","description":"e_mob \u00e8 il tavolo permanente degli stakeholder della mobilit\u00e0 elettrica in Italia. Organizza ogni anno a Milano la Conferenza Nazionale del settore, nel 2021 in programma dal 16 al 19 ottobre.","robots":{"index":"index","follow":"follow","max-snippet":"max-snippet:-1","max-image-preview":"max-image-preview:large","max-video-preview":"max-video-preview:-1"},"canonical":"https:\/\/emob-italia.it\/2018\/09\/25\/la-cultura-elettrica-al-servizio-della-salute-dei-cittadini\/","og_locale":"en_US","og_type":"article","og_title":"La cultura elettrica al servizio della salute dei cittadini &#8226; e_mob","og_description":"e_mob \u00e8 il tavolo permanente degli stakeholder della mobilit\u00e0 elettrica in Italia. Organizza ogni anno a Milano la Conferenza Nazionale del settore, nel 2021 in programma dal 16 al 19 ottobre.","og_url":"https:\/\/emob-italia.it\/2018\/09\/25\/la-cultura-elettrica-al-servizio-della-salute-dei-cittadini\/","og_site_name":"e_mob","article_publisher":"https:\/\/www.facebook.com\/emobitalia\/","article_published_time":"2018-09-25T13:26:08+00:00","article_modified_time":"2020-06-03T07:57:35+00:00","og_image":[{"width":1200,"height":630,"url":"https:\/\/emob-italia.it\/wp-content\/uploads\/2018\/09\/Comunicato-11.jpg","type":"image\/jpeg"}],"author":"Nadia Paglia","twitter_misc":{"Written by":"Nadia Paglia","Est. reading time":"4 minutes"},"schema":{"@context":"https:\/\/schema.org","@graph":[{"@type":"Article","@id":"https:\/\/emob-italia.it\/2018\/09\/25\/la-cultura-elettrica-al-servizio-della-salute-dei-cittadini\/#article","isPartOf":{"@id":"https:\/\/emob-italia.it\/2018\/09\/25\/la-cultura-elettrica-al-servizio-della-salute-dei-cittadini\/"},"author":{"name":"Nadia Paglia","@id":"https:\/\/emob-italia.it\/#\/schema\/person\/e96f2fe472d4dcca75c9ca51f8951bc5"},"headline":"La cultura elettrica al servizio della salute dei cittadini","datePublished":"2018-09-25T13:26:08+00:00","dateModified":"2020-06-03T07:57:35+00:00","mainEntityOfPage":{"@id":"https:\/\/emob-italia.it\/2018\/09\/25\/la-cultura-elettrica-al-servizio-della-salute-dei-cittadini\/"},"wordCount":762,"commentCount":0,"publisher":{"@id":"https:\/\/emob-italia.it\/#organization"},"image":{"@id":"https:\/\/emob-italia.it\/2018\/09\/25\/la-cultura-elettrica-al-servizio-della-salute-dei-cittadini\/#primaryimage"},"thumbnailUrl":"https:\/\/emob-italia.it\/wp-content\/uploads\/2018\/09\/Comunicato-11.jpg","keywords":["emob","mobilit\u00e0 elettrica"],"articleSection":["Comunicati stampa","Settembre 2018"],"inLanguage":"en-US","potentialAction":[{"@type":"CommentAction","name":"Comment","target":["https:\/\/emob-italia.it\/2018\/09\/25\/la-cultura-elettrica-al-servizio-della-salute-dei-cittadini\/#respond"]}]},{"@type":"WebPage","@id":"https:\/\/emob-italia.it\/2018\/09\/25\/la-cultura-elettrica-al-servizio-della-salute-dei-cittadini\/","url":"https:\/\/emob-italia.it\/2018\/09\/25\/la-cultura-elettrica-al-servizio-della-salute-dei-cittadini\/","name":"La cultura elettrica al servizio della salute dei cittadini &#8226; e_mob","isPartOf":{"@id":"https:\/\/emob-italia.it\/#website"},"primaryImageOfPage":{"@id":"https:\/\/emob-italia.it\/2018\/09\/25\/la-cultura-elettrica-al-servizio-della-salute-dei-cittadini\/#primaryimage"},"image":{"@id":"https:\/\/emob-italia.it\/2018\/09\/25\/la-cultura-elettrica-al-servizio-della-salute-dei-cittadini\/#primaryimage"},"thumbnailUrl":"https:\/\/emob-italia.it\/wp-content\/uploads\/2018\/09\/Comunicato-11.jpg","datePublished":"2018-09-25T13:26:08+00:00","dateModified":"2020-06-03T07:57:35+00:00","description":"e_mob \u00e8 il tavolo permanente degli stakeholder della mobilit\u00e0 elettrica in Italia. Organizza ogni anno a Milano la Conferenza Nazionale del settore, nel 2021 in programma dal 16 al 19 ottobre.","breadcrumb":{"@id":"https:\/\/emob-italia.it\/2018\/09\/25\/la-cultura-elettrica-al-servizio-della-salute-dei-cittadini\/#breadcrumb"},"inLanguage":"en-US","potentialAction":[{"@type":"ReadAction","target":["https:\/\/emob-italia.it\/2018\/09\/25\/la-cultura-elettrica-al-servizio-della-salute-dei-cittadini\/"]}]},{"@type":"ImageObject","inLanguage":"en-US","@id":"https:\/\/emob-italia.it\/2018\/09\/25\/la-cultura-elettrica-al-servizio-della-salute-dei-cittadini\/#primaryimage","url":"https:\/\/emob-italia.it\/wp-content\/uploads\/2018\/09\/Comunicato-11.jpg","contentUrl":"https:\/\/emob-italia.it\/wp-content\/uploads\/2018\/09\/Comunicato-11.jpg","width":1200,"height":630},{"@type":"BreadcrumbList","@id":"https:\/\/emob-italia.it\/2018\/09\/25\/la-cultura-elettrica-al-servizio-della-salute-dei-cittadini\/#breadcrumb","itemListElement":[{"@type":"ListItem","position":1,"name":"Home","item":"https:\/\/emob-italia.it\/en\/"},{"@type":"ListItem","position":2,"name":"La cultura elettrica al servizio della salute dei cittadini"}]},{"@type":"WebSite","@id":"https:\/\/emob-italia.it\/#website","url":"https:\/\/emob-italia.it\/","name":"e_mob","description":"Mobilit\u00e0 Elettrica","publisher":{"@id":"https:\/\/emob-italia.it\/#organization"},"potentialAction":[{"@type":"SearchAction","target":{"@type":"EntryPoint","urlTemplate":"https:\/\/emob-italia.it\/?s={search_term_string}"},"query-input":"required name=search_term_string"}],"inLanguage":"en-US"},{"@type":"Organization","@id":"https:\/\/emob-italia.it\/#organization","name":"Class Onlus","url":"https:\/\/emob-italia.it\/","logo":{"@type":"ImageObject","inLanguage":"en-US","@id":"https:\/\/emob-italia.it\/#\/schema\/logo\/image\/","url":"https:\/\/emob-italia.it\/wp-content\/uploads\/2019\/03\/0_CLASS-ONLUS-logo-web.png","contentUrl":"https:\/\/emob-italia.it\/wp-content\/uploads\/2019\/03\/0_CLASS-ONLUS-logo-web.png","width":598,"height":202,"caption":"Class Onlus"},"image":{"@id":"https:\/\/emob-italia.it\/#\/schema\/logo\/image\/"},"sameAs":["https:\/\/www.facebook.com\/emobitalia\/","https:\/\/www.instagram.com\/e_mob_italia\/","https:\/\/www.linkedin.com\/groups\/12186185\/","https:\/\/www.youtube.com\/channel\/UCvnTcrhggAX_AkFwGxRfqFw\/featured?view_as=subscriber"]},{"@type":"Person","@id":"https:\/\/emob-italia.it\/#\/schema\/person\/e96f2fe472d4dcca75c9ca51f8951bc5","name":"Nadia Paglia","image":{"@type":"ImageObject","inLanguage":"en-US","@id":"https:\/\/emob-italia.it\/#\/schema\/person\/image\/","url":"https:\/\/secure.gravatar.com\/avatar\/02e0cd654df2106544e1a6f3ee921a91?s=96&r=g","contentUrl":"https:\/\/secure.gravatar.com\/avatar\/02e0cd654df2106544e1a6f3ee921a91?s=96&r=g","caption":"Nadia Paglia"},"url":"https:\/\/emob-italia.it\/en\/author\/nadia-paglia\/"}]}},"_links":{"self":[{"href":"https:\/\/emob-italia.it\/en\/wp-json\/wp\/v2\/posts\/49891"}],"collection":[{"href":"https:\/\/emob-italia.it\/en\/wp-json\/wp\/v2\/posts"}],"about":[{"href":"https:\/\/emob-italia.it\/en\/wp-json\/wp\/v2\/types\/post"}],"author":[{"embeddable":true,"href":"https:\/\/emob-italia.it\/en\/wp-json\/wp\/v2\/users\/2"}],"replies":[{"embeddable":true,"href":"https:\/\/emob-italia.it\/en\/wp-json\/wp\/v2\/comments?post=49891"}],"version-history":[{"count":0,"href":"https:\/\/emob-italia.it\/en\/wp-json\/wp\/v2\/posts\/49891\/revisions"}],"wp:featuredmedia":[{"embeddable":true,"href":"https:\/\/emob-italia.it\/en\/wp-json\/wp\/v2\/media\/51655"}],"wp:attachment":[{"href":"https:\/\/emob-italia.it\/en\/wp-json\/wp\/v2\/media?parent=49891"}],"wp:term":[{"taxonomy":"category","embeddable":true,"href":"https:\/\/emob-italia.it\/en\/wp-json\/wp\/v2\/categories?post=49891"},{"taxonomy":"post_tag","embeddable":true,"href":"https:\/\/emob-italia.it\/en\/wp-json\/wp\/v2\/tags?post=49891"}],"curies":[{"name":"wp","href":"https:\/\/api.w.org\/{rel}","templated":true}]}}