{"id":49887,"date":"2018-09-24T13:17:56","date_gmt":"2018-09-24T13:17:56","guid":{"rendered":"https:\/\/emob2018.it\/?p=49887"},"modified":"2020-06-03T09:57:57","modified_gmt":"2020-06-03T07:57:57","slug":"il-futuro-e-nel-sharing-elettrico","status":"publish","type":"post","link":"https:\/\/emob-italia.it\/en\/2018\/09\/24\/il-futuro-e-nel-sharing-elettrico\/","title":{"rendered":"Il futuro \u00e8 nel \u201csharing\u201d elettrico"},"content":{"rendered":"\n[et_pb_section bb_built=&#8221;1&#8243; admin_label=&#8221;section&#8221; _builder_version=&#8221;3.0.47&#8243;][et_pb_row admin_label=&#8221;row&#8221; _builder_version=&#8221;3.0.48&#8243; background_size=&#8221;initial&#8221; background_position=&#8221;top_left&#8221; background_repeat=&#8221;repeat&#8221;][et_pb_column type=&#8221;4_4&#8243;][et_pb_text admin_label=&#8221;Text&#8221; _builder_version=&#8221;3.15&#8243; background_size=&#8221;initial&#8221; background_position=&#8221;top_left&#8221; background_repeat=&#8221;repeat&#8221; header_5_font=&#8221;|||on|||||&#8221; header_5_line_height=&#8221;1.7em&#8221;]\n<div class=\"page\" title=\"Page 1\">\n<div class=\"layoutArea\">\n<div class=\"column\">\n<h5 style=\"text-align: center;\"><strong><em>Sostenibilit\u00e0, rispetto dell\u2019ambiente ed educazione alla cura del mezzo nell\u2019utilizzo condiviso di auto, moto e ora anche bici elettriche<\/em><\/strong><\/h5>\n<\/div>\n<\/div>\n<\/div>\n<strong><em>Non solo progetti e parole, ma modelli da provare durante la tre giorni sulla Mobilit\u00e0 elettrica dal 27 al 29 settembre a Palazzo Lombardia<\/em><\/strong>\n(Milano 24 settembre 2018) Si dispone di un veicolo sempre efficiente senza preoccuparsi delle scadenze di bollo, assicurazione e manutenzione. E si paga soltanto l\u2019effettivo utilizzo contribuendo a ridurre l\u2019impatto ambientale, soprattutto se i mezzi da condividere sono elettrici. I vantaggi della \u201csharing mobility\u201d sono tra i temi dominanti della seconda edizione di <strong>e_mob<\/strong>, la <strong>Conferenza Nazionale della Mobilit\u00e0 Elettrica in calendario dal 27 al 29 settembre a Palazzo Lombardia di Milano<\/strong>. Alle parole, per illustrare i benefici dei servizi con la \u201cscossa\u201d nei convegni, si aggiunge la presenza nell\u2019area espositiva di diversi gestori dello sharing elettrico.\n<h5 style=\"text-align: center;\"><strong>E-vai &#8211; www.e-vai.com<\/strong><\/h5>\nTra i primi servizi di sharing a proporre le auto elettriche, <strong>E-vai<\/strong> \u00e8 pure l\u2019unica proposta di carattere regionale e con offerte riservate ai pendolari del treno. Presente in oltre <strong>30 localit\u00e0<\/strong> della Lombardia con pi\u00f9 di <strong>90 postazioni<\/strong>, compresi gli aeroporti di Milano Linate, Malpensa, Orio al Serio e la Fiera di Milano Rho. Il parco auto \u00e8 composto da pi\u00f9 di <strong>100 automobili in prevalenza elettriche<\/strong> di ultima generazione, ad alte prestazioni e di facile utilizzo. L\u2019iscrizione \u00e8 gratuita.\n<h5 style=\"text-align: center;\"><strong>Adduma Car &#8211; www.addumacar.it<\/strong><\/h5>\nCreata da una start up nata in provincia di Enna, prende il nome dal termine dialettale siciliano \u201c<strong>adduma<\/strong>\u201d, che <strong>significa \u201caccendi\u201d, chiaro riferimento alla volont\u00e0 di impiegare mezzi elettrici per il servizio. Approdata a <\/strong><strong>Firenze<\/strong><strong> nel 2017 \u00e8 disponibile anche a Sesto Fiorentino con l\u2019intento di espandersi in altre localit\u00e0 della citt\u00e0 metropolitana toscana. <\/strong>\n<strong>Ai 40 veicoli iniziali si sono aggiunti di recente altri 60 mezzi per una flotta complessiva di 100 unit\u00e0, delle quali<\/strong> <strong>80 auto elettriche<\/strong> (Renault Zoe, Citro\u00ebn C-Zero e Peugeot iOn) e <strong>20 veicoli commerciali <\/strong>dei medesimi marchi e di Nissan. Gli iscritti hanno accesso libero alla ZTL e possibilit\u00e0 di parking nelle strisce blu, nei parcheggi dedicati e in quelli riservati ai residenti.\nLe speranze di <strong>Adduma Car<\/strong> sono riposte nei cittadini in generale, nei turisti e <em>businessmen<\/em>, ma anche e soprattutto nei giovani, nei <strong>millennials<\/strong>. \u00c8 quella generazione che non vede pi\u00f9 l\u2019automobile come uno status symbol e quindi non ragiona pi\u00f9 in termini di possesso, ma di utilizzo. Per quanto riguarda poi le <strong>consegne green<\/strong>, ossia l\u2019uso di furgoni elettrici per le consegne e il fattorinaggio di tutti i giorni, l\u2019idea \u00e8 che il car sharing possa radicarsi nei cuori di quei padroni e padroncini impossibilitati a percorrere in tempi ragionevoli i centri storici oltre alle periferie, in modo semplice, silenzioso, veloce e non inquinante.\n<h5 style=\"text-align: center;\"><strong>ReFeel &#8211; emobility.refeel.eu<\/strong><\/h5>\n<strong>ReFeel<\/strong> <strong>eMobility<\/strong> \u00e8 l\u2019innovativo servizio di car sharing elettrico espressamente pensato per le esigenze del <strong>mondo<\/strong> <strong>corporate<\/strong>. Una soluzione pay per use all-inclusive che si compone di Renault Zoe, colonnine di ricarica, energia rinnovabile e app di noleggio che vengono fornite in setup gratuito e senza vincoli ad aziende, hotel, centri direzionali, residenziali e comuni. Una <strong>mobilit\u00e0 elettrica &#8220;zero impegno&#8221; <\/strong>per avvicinare le aziende e le persone alla mobilit\u00e0 zero emissioni.\nGrazie a vetture dedicate pronte all\u2019uso, in parcheggi di partenza e riconsegna, il servizio <strong>ReFeel<\/strong> <strong>eMobility<\/strong> ha la flessibilit\u00e0 del car sharing classico e l\u2019esclusivit\u00e0 di un noleggio a lungo termine, offrendo un mezzo pronto all\u2019uso dove se ne ha bisogno e il pagamento solo all\u2019utilizzo.\nReFeel eMobility vi attende durante l\u2019e_mob2018 allo <strong>stand 8 <\/strong>con una delle sue<strong> Renault Zoe<\/strong> in esposizione.\n<h5 style=\"text-align: center;\"><strong>MiMoto &#8211; mimoto.it<\/strong><\/h5>\nL\u2019obiettivo di MiMoto \u00e8 <strong>rendere Milano e Torino<\/strong> &#8211; citt\u00e0 in cui il servizio \u00e8 attivo &#8211; <strong>pi\u00f9 vivibili<\/strong> e facilitare gli spostamenti urbani con un occhio all\u2019ambiente. Con una <strong>flotta complessiva di 400 eScooter<\/strong>, il servizio garantisce un\u2019offerta: <strong>ecosostenibile<\/strong> al 100%, <strong>Easy-to-use<\/strong>, grazie ad un mezzo di soli 80 kg, leggero, facile da guidare e progettato per la mobilit\u00e0 urbana; <strong>economica<\/strong> con le tariffe pi\u00f9 vantaggiose del mercato: 0,99 euro l\u2019iscrizione e una tariffa di listino di 0.23\u20ac al minuto; <strong>efficiente<\/strong> perch\u00e9 riduce drasticamente i tempi di viaggio, facendo risparmiare tempo e denaro.\nOgni scooter <strong>MiMoto \u00e8 omologato per due passeggeri <\/strong>e ha in dotazione <strong>due caschi, disponibili<\/strong> nel bauletto. I mezzi sono tutti alimentati da <strong>energia elettrica<\/strong> <strong>green e made in Italy. <\/strong>Inoltre, il servizio \u00e8 <strong>free floating, <\/strong>senza vincoli di stazioni di ricarica e senza chiavi: localizzato l\u2019eScooter pi\u00f9 vicino tramite <strong>App, <\/strong>disponibile per iOS e Android, si prenota, si parte e una volta terminata la corsa lo si lascia dove si vuole all\u2019interno dell\u2019area coperta dal servizio. Per e_mob \u00e8 disponibile il codice promo \u201cemob2018\u201d per usufruire di 15 minuti gratuiti.\n<h5 style=\"text-align: center;\"><strong>Bitride \u2013 www.bitride.eu<\/strong><\/h5>\nBike sharing ideato da <strong>Zehus<\/strong>, azienda high tech frutto di uno spin off Politecnico di Milano, in collaborazione con <strong>Vodafone<\/strong> <strong>Automotive<\/strong>, <strong>Bitride<\/strong> ha vinto il premio europeo H2020 grazie all\u2019innovazione del progetto. Attivo a Milano dallo scorso settembre con una prima fase di sperimentazione con 150 studenti e docenti del Politecnico di Milano, \u00e8 il<strong> primo servizio di condivisione a flusso libero <\/strong>attuato<strong> con una bici a pedalata assistita<\/strong>. Si tratta di un modello con sistema <strong>Zehus Bike+ \u201call in one\u201d<\/strong> concentrato nel mozzo della ruota posteriore e comprendente una modalit\u00e0 d\u2019uso \u201cnon-plug in hybrid\u201d, vale a dire non necessita ricarica da rete e, grazie ad un complesso algoritmo, <strong>ottimizza l\u2019energia<\/strong> necessaria al moto in funzione delle condizioni di pedalata e provvede, in condizioni ottimali di normalit\u00e0 o nel corso di una discesa, a recuperare parte dell\u2019energia prodotta in eccesso ricaricando le batterie.\nIl servizio \u00e8 <strong>gratuito<\/strong> previa registrazione a pagamento al costo di 2 euro. L\u2019utente, una volta effettuata la registrazione al servizio, avr\u00e0 un <strong>portafoglio virtuale<\/strong> con un importo iniziale di 10 euro e 10 stelline pari ad una corsa in modalit\u00e0 ibrida. Ogni qualvolta l\u2019utente utilizza una <strong>Bitride<\/strong> avr\u00e0 accrediti o addebiti sul portafoglio virtuale in base alla modalit\u00e0 di pedalata scelta: standard, pedalata muscolare, hybrid, pedalata assistita o boost. Il credito virtuale sar\u00e0 incrementato attraverso attivit\u00e0 di <strong>gamification<\/strong> quali il parcheggio nelle aree contrassegnate da una stella, questionari di gradimento del servizio.\nSofisticata la <strong>tecnologia<\/strong> di gestione che prevede un sistema telematico e di analisi dei dati, abilitando la navigazione GPS, che consente di localizzare e prenotare una bicicletta disponibile. Inoltre il maltrattamento delle bici sar\u00e0 registrato dai sensori a bordo veicolo e l\u2019utente disincentivato a usare il servizio. Al contrario, il buon utilizzo del servizio far\u00e0 maturare dei <strong>crediti<\/strong> trasformabili in <strong>corse gratuite<\/strong>. Anche al problema dei furti sar\u00e0 data una risposta attraverso la localizzazione GPS che consentir\u00e0 l\u2019individuazione costante dei mezzi e la comunicazione con una centrale operativa di assistenza.\n<p style=\"text-align: center;\"><em>\u201c<\/em><strong><em>e_mob<\/em><\/strong><em>\u201d \u00e8 il pi\u00f9 importante evento in Italia legato ai temi della mobilit\u00e0 elettrica, promosso da Enti locali, Aziende e Istituzioni col fine di diffondere, sul territorio nazionale, la cultura di un sistema ambientale sostenibile. A Milano dal 27 al 29 settembre, Palazzo Lombardia.<\/em><\/p>\n[\/et_pb_text][et_pb_text _builder_version=&#8221;3.15&#8243;]\n<strong>Comitato promotore<\/strong>\nComune di Milano, Regione Lombardia, Camera di commercio Milano Monza Brianza Lodi, a2a, Class Onlus, Cobat, Gruppo Hera, Enel Edison, Itas Assicurazioni\n<strong>Comitato scientifico<\/strong>\nRSE Ricerca Sistema Energetico, Ancma, Agenzia Mobilit\u00e0 Ambiente Territorio, Utilitalia, ATM Milano, Adiconsum, Asstra, Elettricit\u00e0 Futura, Amsa, Cei Cives\n<strong>Patrocini<\/strong>\nMinistero dell\u2019Ambiente e della Tutela del Territorio e del Mare, Anci\n<strong>Citt\u00e0 promotrici della Carta della Mobilit\u00e0 Elettrica<\/strong>\nMilano, Torino, Firenze, Varese, Bologna\n[\/et_pb_text][\/et_pb_column][\/et_pb_row][\/et_pb_section]\n","protected":false},"excerpt":{"rendered":"<p>Sostenibilit\u00e0, rispetto dell\u2019ambiente ed educazione alla cura del mezzo nell\u2019utilizzo condiviso di auto, moto e ora anche bici elettriche Non solo progetti e parole, ma modelli da provare durante la tre giorni sulla Mobilit\u00e0 elettrica dal 27 al 29 settembre a Palazzo Lombardia (Milano 24 settembre 2018) Si dispone di un veicolo sempre efficiente senza [&hellip;]<\/p>\n","protected":false},"author":2,"featured_media":51661,"comment_status":"open","ping_status":"open","sticky":false,"template":"","format":"standard","meta":{"_et_pb_use_builder":"on","_et_pb_old_content":"","_et_gb_content_width":"","_exactmetrics_skip_tracking":false,"_exactmetrics_sitenote_active":false,"_exactmetrics_sitenote_note":"","_exactmetrics_sitenote_category":0,"footnotes":""},"categories":[27,332],"tags":[165,10,11,72],"yoast_head":"<!-- This site is optimized with the Yoast SEO plugin v22.9 - https:\/\/yoast.com\/wordpress\/plugins\/seo\/ -->\n<title>Il futuro \u00e8 nel \u201csharing\u201d elettrico &#8226; e_mob<\/title>\n<meta name=\"description\" content=\"e_mob \u00e8 il tavolo permanente degli stakeholder della mobilit\u00e0 elettrica in Italia. Organizza ogni anno a Milano la Conferenza Nazionale del settore, nel 2021 in programma dal 16 al 19 ottobre.\" \/>\n<meta name=\"robots\" content=\"index, follow, max-snippet:-1, max-image-preview:large, max-video-preview:-1\" \/>\n<link rel=\"canonical\" href=\"https:\/\/emob-italia.it\/2018\/09\/24\/il-futuro-e-nel-sharing-elettrico\/\" \/>\n<meta property=\"og:locale\" content=\"en_US\" \/>\n<meta property=\"og:type\" content=\"article\" \/>\n<meta property=\"og:title\" content=\"Il futuro \u00e8 nel \u201csharing\u201d elettrico &#8226; e_mob\" \/>\n<meta property=\"og:description\" content=\"e_mob \u00e8 il tavolo permanente degli stakeholder della mobilit\u00e0 elettrica in Italia. Organizza ogni anno a Milano la Conferenza Nazionale del settore, nel 2021 in programma dal 16 al 19 ottobre.\" \/>\n<meta property=\"og:url\" content=\"https:\/\/emob-italia.it\/2018\/09\/24\/il-futuro-e-nel-sharing-elettrico\/\" \/>\n<meta property=\"og:site_name\" content=\"e_mob\" \/>\n<meta property=\"article:publisher\" content=\"https:\/\/www.facebook.com\/emobitalia\/\" \/>\n<meta property=\"article:published_time\" content=\"2018-09-24T13:17:56+00:00\" \/>\n<meta property=\"article:modified_time\" content=\"2020-06-03T07:57:57+00:00\" \/>\n<meta property=\"og:image\" content=\"https:\/\/emob-italia.it\/wp-content\/uploads\/2018\/09\/Comunicato-10.jpg\" \/>\n\t<meta property=\"og:image:width\" content=\"1200\" \/>\n\t<meta property=\"og:image:height\" content=\"630\" \/>\n\t<meta property=\"og:image:type\" content=\"image\/jpeg\" \/>\n<meta name=\"author\" content=\"Nadia Paglia\" \/>\n<meta name=\"twitter:label1\" content=\"Written by\" \/>\n\t<meta name=\"twitter:data1\" content=\"Nadia Paglia\" \/>\n\t<meta name=\"twitter:label2\" content=\"Est. reading time\" \/>\n\t<meta name=\"twitter:data2\" content=\"6 minutes\" \/>\n<script type=\"application\/ld+json\" class=\"yoast-schema-graph\">{\"@context\":\"https:\/\/schema.org\",\"@graph\":[{\"@type\":\"Article\",\"@id\":\"https:\/\/emob-italia.it\/2018\/09\/24\/il-futuro-e-nel-sharing-elettrico\/#article\",\"isPartOf\":{\"@id\":\"https:\/\/emob-italia.it\/2018\/09\/24\/il-futuro-e-nel-sharing-elettrico\/\"},\"author\":{\"name\":\"Nadia Paglia\",\"@id\":\"https:\/\/emob-italia.it\/#\/schema\/person\/e96f2fe472d4dcca75c9ca51f8951bc5\"},\"headline\":\"Il futuro \u00e8 nel \u201csharing\u201d elettrico\",\"datePublished\":\"2018-09-24T13:17:56+00:00\",\"dateModified\":\"2020-06-03T07:57:57+00:00\",\"mainEntityOfPage\":{\"@id\":\"https:\/\/emob-italia.it\/2018\/09\/24\/il-futuro-e-nel-sharing-elettrico\/\"},\"wordCount\":1303,\"commentCount\":0,\"publisher\":{\"@id\":\"https:\/\/emob-italia.it\/#organization\"},\"image\":{\"@id\":\"https:\/\/emob-italia.it\/2018\/09\/24\/il-futuro-e-nel-sharing-elettrico\/#primaryimage\"},\"thumbnailUrl\":\"https:\/\/emob-italia.it\/wp-content\/uploads\/2018\/09\/Comunicato-10.jpg\",\"keywords\":[\"emob\",\"mobilit\u00e0 elettrica\",\"Mobilit\u00e0 Sostenibile\",\"sharing\"],\"articleSection\":[\"Comunicati stampa\",\"Settembre 2018\"],\"inLanguage\":\"en-US\",\"potentialAction\":[{\"@type\":\"CommentAction\",\"name\":\"Comment\",\"target\":[\"https:\/\/emob-italia.it\/2018\/09\/24\/il-futuro-e-nel-sharing-elettrico\/#respond\"]}]},{\"@type\":\"WebPage\",\"@id\":\"https:\/\/emob-italia.it\/2018\/09\/24\/il-futuro-e-nel-sharing-elettrico\/\",\"url\":\"https:\/\/emob-italia.it\/2018\/09\/24\/il-futuro-e-nel-sharing-elettrico\/\",\"name\":\"Il futuro \u00e8 nel \u201csharing\u201d elettrico &#8226; e_mob\",\"isPartOf\":{\"@id\":\"https:\/\/emob-italia.it\/#website\"},\"primaryImageOfPage\":{\"@id\":\"https:\/\/emob-italia.it\/2018\/09\/24\/il-futuro-e-nel-sharing-elettrico\/#primaryimage\"},\"image\":{\"@id\":\"https:\/\/emob-italia.it\/2018\/09\/24\/il-futuro-e-nel-sharing-elettrico\/#primaryimage\"},\"thumbnailUrl\":\"https:\/\/emob-italia.it\/wp-content\/uploads\/2018\/09\/Comunicato-10.jpg\",\"datePublished\":\"2018-09-24T13:17:56+00:00\",\"dateModified\":\"2020-06-03T07:57:57+00:00\",\"description\":\"e_mob \u00e8 il tavolo permanente degli stakeholder della mobilit\u00e0 elettrica in Italia. Organizza ogni anno a Milano la Conferenza Nazionale del settore, nel 2021 in programma dal 16 al 19 ottobre.\",\"breadcrumb\":{\"@id\":\"https:\/\/emob-italia.it\/2018\/09\/24\/il-futuro-e-nel-sharing-elettrico\/#breadcrumb\"},\"inLanguage\":\"en-US\",\"potentialAction\":[{\"@type\":\"ReadAction\",\"target\":[\"https:\/\/emob-italia.it\/2018\/09\/24\/il-futuro-e-nel-sharing-elettrico\/\"]}]},{\"@type\":\"ImageObject\",\"inLanguage\":\"en-US\",\"@id\":\"https:\/\/emob-italia.it\/2018\/09\/24\/il-futuro-e-nel-sharing-elettrico\/#primaryimage\",\"url\":\"https:\/\/emob-italia.it\/wp-content\/uploads\/2018\/09\/Comunicato-10.jpg\",\"contentUrl\":\"https:\/\/emob-italia.it\/wp-content\/uploads\/2018\/09\/Comunicato-10.jpg\",\"width\":1200,\"height\":630},{\"@type\":\"BreadcrumbList\",\"@id\":\"https:\/\/emob-italia.it\/2018\/09\/24\/il-futuro-e-nel-sharing-elettrico\/#breadcrumb\",\"itemListElement\":[{\"@type\":\"ListItem\",\"position\":1,\"name\":\"Home\",\"item\":\"https:\/\/emob-italia.it\/en\/\"},{\"@type\":\"ListItem\",\"position\":2,\"name\":\"Il futuro \u00e8 nel \u201csharing\u201d elettrico\"}]},{\"@type\":\"WebSite\",\"@id\":\"https:\/\/emob-italia.it\/#website\",\"url\":\"https:\/\/emob-italia.it\/\",\"name\":\"e_mob\",\"description\":\"Mobilit\u00e0 Elettrica\",\"publisher\":{\"@id\":\"https:\/\/emob-italia.it\/#organization\"},\"potentialAction\":[{\"@type\":\"SearchAction\",\"target\":{\"@type\":\"EntryPoint\",\"urlTemplate\":\"https:\/\/emob-italia.it\/?s={search_term_string}\"},\"query-input\":\"required name=search_term_string\"}],\"inLanguage\":\"en-US\"},{\"@type\":\"Organization\",\"@id\":\"https:\/\/emob-italia.it\/#organization\",\"name\":\"Class Onlus\",\"url\":\"https:\/\/emob-italia.it\/\",\"logo\":{\"@type\":\"ImageObject\",\"inLanguage\":\"en-US\",\"@id\":\"https:\/\/emob-italia.it\/#\/schema\/logo\/image\/\",\"url\":\"https:\/\/emob-italia.it\/wp-content\/uploads\/2019\/03\/0_CLASS-ONLUS-logo-web.png\",\"contentUrl\":\"https:\/\/emob-italia.it\/wp-content\/uploads\/2019\/03\/0_CLASS-ONLUS-logo-web.png\",\"width\":598,\"height\":202,\"caption\":\"Class Onlus\"},\"image\":{\"@id\":\"https:\/\/emob-italia.it\/#\/schema\/logo\/image\/\"},\"sameAs\":[\"https:\/\/www.facebook.com\/emobitalia\/\",\"https:\/\/www.instagram.com\/e_mob_italia\/\",\"https:\/\/www.linkedin.com\/groups\/12186185\/\",\"https:\/\/www.youtube.com\/channel\/UCvnTcrhggAX_AkFwGxRfqFw\/featured?view_as=subscriber\"]},{\"@type\":\"Person\",\"@id\":\"https:\/\/emob-italia.it\/#\/schema\/person\/e96f2fe472d4dcca75c9ca51f8951bc5\",\"name\":\"Nadia Paglia\",\"image\":{\"@type\":\"ImageObject\",\"inLanguage\":\"en-US\",\"@id\":\"https:\/\/emob-italia.it\/#\/schema\/person\/image\/\",\"url\":\"https:\/\/secure.gravatar.com\/avatar\/02e0cd654df2106544e1a6f3ee921a91?s=96&r=g\",\"contentUrl\":\"https:\/\/secure.gravatar.com\/avatar\/02e0cd654df2106544e1a6f3ee921a91?s=96&r=g\",\"caption\":\"Nadia Paglia\"},\"url\":\"https:\/\/emob-italia.it\/en\/author\/nadia-paglia\/\"}]}<\/script>\n<!-- \/ Yoast SEO plugin. -->","yoast_head_json":{"title":"Il futuro \u00e8 nel \u201csharing\u201d elettrico &#8226; e_mob","description":"e_mob \u00e8 il tavolo permanente degli stakeholder della mobilit\u00e0 elettrica in Italia. Organizza ogni anno a Milano la Conferenza Nazionale del settore, nel 2021 in programma dal 16 al 19 ottobre.","robots":{"index":"index","follow":"follow","max-snippet":"max-snippet:-1","max-image-preview":"max-image-preview:large","max-video-preview":"max-video-preview:-1"},"canonical":"https:\/\/emob-italia.it\/2018\/09\/24\/il-futuro-e-nel-sharing-elettrico\/","og_locale":"en_US","og_type":"article","og_title":"Il futuro \u00e8 nel \u201csharing\u201d elettrico &#8226; e_mob","og_description":"e_mob \u00e8 il tavolo permanente degli stakeholder della mobilit\u00e0 elettrica in Italia. Organizza ogni anno a Milano la Conferenza Nazionale del settore, nel 2021 in programma dal 16 al 19 ottobre.","og_url":"https:\/\/emob-italia.it\/2018\/09\/24\/il-futuro-e-nel-sharing-elettrico\/","og_site_name":"e_mob","article_publisher":"https:\/\/www.facebook.com\/emobitalia\/","article_published_time":"2018-09-24T13:17:56+00:00","article_modified_time":"2020-06-03T07:57:57+00:00","og_image":[{"width":1200,"height":630,"url":"https:\/\/emob-italia.it\/wp-content\/uploads\/2018\/09\/Comunicato-10.jpg","type":"image\/jpeg"}],"author":"Nadia Paglia","twitter_misc":{"Written by":"Nadia Paglia","Est. reading time":"6 minutes"},"schema":{"@context":"https:\/\/schema.org","@graph":[{"@type":"Article","@id":"https:\/\/emob-italia.it\/2018\/09\/24\/il-futuro-e-nel-sharing-elettrico\/#article","isPartOf":{"@id":"https:\/\/emob-italia.it\/2018\/09\/24\/il-futuro-e-nel-sharing-elettrico\/"},"author":{"name":"Nadia Paglia","@id":"https:\/\/emob-italia.it\/#\/schema\/person\/e96f2fe472d4dcca75c9ca51f8951bc5"},"headline":"Il futuro \u00e8 nel \u201csharing\u201d elettrico","datePublished":"2018-09-24T13:17:56+00:00","dateModified":"2020-06-03T07:57:57+00:00","mainEntityOfPage":{"@id":"https:\/\/emob-italia.it\/2018\/09\/24\/il-futuro-e-nel-sharing-elettrico\/"},"wordCount":1303,"commentCount":0,"publisher":{"@id":"https:\/\/emob-italia.it\/#organization"},"image":{"@id":"https:\/\/emob-italia.it\/2018\/09\/24\/il-futuro-e-nel-sharing-elettrico\/#primaryimage"},"thumbnailUrl":"https:\/\/emob-italia.it\/wp-content\/uploads\/2018\/09\/Comunicato-10.jpg","keywords":["emob","mobilit\u00e0 elettrica","Mobilit\u00e0 Sostenibile","sharing"],"articleSection":["Comunicati stampa","Settembre 2018"],"inLanguage":"en-US","potentialAction":[{"@type":"CommentAction","name":"Comment","target":["https:\/\/emob-italia.it\/2018\/09\/24\/il-futuro-e-nel-sharing-elettrico\/#respond"]}]},{"@type":"WebPage","@id":"https:\/\/emob-italia.it\/2018\/09\/24\/il-futuro-e-nel-sharing-elettrico\/","url":"https:\/\/emob-italia.it\/2018\/09\/24\/il-futuro-e-nel-sharing-elettrico\/","name":"Il futuro \u00e8 nel \u201csharing\u201d elettrico &#8226; e_mob","isPartOf":{"@id":"https:\/\/emob-italia.it\/#website"},"primaryImageOfPage":{"@id":"https:\/\/emob-italia.it\/2018\/09\/24\/il-futuro-e-nel-sharing-elettrico\/#primaryimage"},"image":{"@id":"https:\/\/emob-italia.it\/2018\/09\/24\/il-futuro-e-nel-sharing-elettrico\/#primaryimage"},"thumbnailUrl":"https:\/\/emob-italia.it\/wp-content\/uploads\/2018\/09\/Comunicato-10.jpg","datePublished":"2018-09-24T13:17:56+00:00","dateModified":"2020-06-03T07:57:57+00:00","description":"e_mob \u00e8 il tavolo permanente degli stakeholder della mobilit\u00e0 elettrica in Italia. Organizza ogni anno a Milano la Conferenza Nazionale del settore, nel 2021 in programma dal 16 al 19 ottobre.","breadcrumb":{"@id":"https:\/\/emob-italia.it\/2018\/09\/24\/il-futuro-e-nel-sharing-elettrico\/#breadcrumb"},"inLanguage":"en-US","potentialAction":[{"@type":"ReadAction","target":["https:\/\/emob-italia.it\/2018\/09\/24\/il-futuro-e-nel-sharing-elettrico\/"]}]},{"@type":"ImageObject","inLanguage":"en-US","@id":"https:\/\/emob-italia.it\/2018\/09\/24\/il-futuro-e-nel-sharing-elettrico\/#primaryimage","url":"https:\/\/emob-italia.it\/wp-content\/uploads\/2018\/09\/Comunicato-10.jpg","contentUrl":"https:\/\/emob-italia.it\/wp-content\/uploads\/2018\/09\/Comunicato-10.jpg","width":1200,"height":630},{"@type":"BreadcrumbList","@id":"https:\/\/emob-italia.it\/2018\/09\/24\/il-futuro-e-nel-sharing-elettrico\/#breadcrumb","itemListElement":[{"@type":"ListItem","position":1,"name":"Home","item":"https:\/\/emob-italia.it\/en\/"},{"@type":"ListItem","position":2,"name":"Il futuro \u00e8 nel \u201csharing\u201d elettrico"}]},{"@type":"WebSite","@id":"https:\/\/emob-italia.it\/#website","url":"https:\/\/emob-italia.it\/","name":"e_mob","description":"Mobilit\u00e0 Elettrica","publisher":{"@id":"https:\/\/emob-italia.it\/#organization"},"potentialAction":[{"@type":"SearchAction","target":{"@type":"EntryPoint","urlTemplate":"https:\/\/emob-italia.it\/?s={search_term_string}"},"query-input":"required name=search_term_string"}],"inLanguage":"en-US"},{"@type":"Organization","@id":"https:\/\/emob-italia.it\/#organization","name":"Class Onlus","url":"https:\/\/emob-italia.it\/","logo":{"@type":"ImageObject","inLanguage":"en-US","@id":"https:\/\/emob-italia.it\/#\/schema\/logo\/image\/","url":"https:\/\/emob-italia.it\/wp-content\/uploads\/2019\/03\/0_CLASS-ONLUS-logo-web.png","contentUrl":"https:\/\/emob-italia.it\/wp-content\/uploads\/2019\/03\/0_CLASS-ONLUS-logo-web.png","width":598,"height":202,"caption":"Class Onlus"},"image":{"@id":"https:\/\/emob-italia.it\/#\/schema\/logo\/image\/"},"sameAs":["https:\/\/www.facebook.com\/emobitalia\/","https:\/\/www.instagram.com\/e_mob_italia\/","https:\/\/www.linkedin.com\/groups\/12186185\/","https:\/\/www.youtube.com\/channel\/UCvnTcrhggAX_AkFwGxRfqFw\/featured?view_as=subscriber"]},{"@type":"Person","@id":"https:\/\/emob-italia.it\/#\/schema\/person\/e96f2fe472d4dcca75c9ca51f8951bc5","name":"Nadia Paglia","image":{"@type":"ImageObject","inLanguage":"en-US","@id":"https:\/\/emob-italia.it\/#\/schema\/person\/image\/","url":"https:\/\/secure.gravatar.com\/avatar\/02e0cd654df2106544e1a6f3ee921a91?s=96&r=g","contentUrl":"https:\/\/secure.gravatar.com\/avatar\/02e0cd654df2106544e1a6f3ee921a91?s=96&r=g","caption":"Nadia Paglia"},"url":"https:\/\/emob-italia.it\/en\/author\/nadia-paglia\/"}]}},"_links":{"self":[{"href":"https:\/\/emob-italia.it\/en\/wp-json\/wp\/v2\/posts\/49887"}],"collection":[{"href":"https:\/\/emob-italia.it\/en\/wp-json\/wp\/v2\/posts"}],"about":[{"href":"https:\/\/emob-italia.it\/en\/wp-json\/wp\/v2\/types\/post"}],"author":[{"embeddable":true,"href":"https:\/\/emob-italia.it\/en\/wp-json\/wp\/v2\/users\/2"}],"replies":[{"embeddable":true,"href":"https:\/\/emob-italia.it\/en\/wp-json\/wp\/v2\/comments?post=49887"}],"version-history":[{"count":0,"href":"https:\/\/emob-italia.it\/en\/wp-json\/wp\/v2\/posts\/49887\/revisions"}],"wp:featuredmedia":[{"embeddable":true,"href":"https:\/\/emob-italia.it\/en\/wp-json\/wp\/v2\/media\/51661"}],"wp:attachment":[{"href":"https:\/\/emob-italia.it\/en\/wp-json\/wp\/v2\/media?parent=49887"}],"wp:term":[{"taxonomy":"category","embeddable":true,"href":"https:\/\/emob-italia.it\/en\/wp-json\/wp\/v2\/categories?post=49887"},{"taxonomy":"post_tag","embeddable":true,"href":"https:\/\/emob-italia.it\/en\/wp-json\/wp\/v2\/tags?post=49887"}],"curies":[{"name":"wp","href":"https:\/\/api.w.org\/{rel}","templated":true}]}}