{"id":49885,"date":"2018-09-21T13:06:47","date_gmt":"2018-09-21T13:06:47","guid":{"rendered":"https:\/\/emob2018.it\/?p=49885"},"modified":"2020-06-03T09:57:34","modified_gmt":"2020-06-03T07:57:34","slug":"parterre-innovazione-per-futuro-a-basse-emissioni","status":"publish","type":"post","link":"https:\/\/emob-italia.it\/en\/2018\/09\/21\/parterre-innovazione-per-futuro-a-basse-emissioni\/","title":{"rendered":"Parterre innovazione: per futuro a basse emissioni"},"content":{"rendered":"\n[et_pb_section bb_built=&#8221;1&#8243; admin_label=&#8221;section&#8221; _builder_version=&#8221;3.0.47&#8243;][et_pb_row admin_label=&#8221;row&#8221; _builder_version=&#8221;3.0.48&#8243; background_size=&#8221;initial&#8221; background_position=&#8221;top_left&#8221; background_repeat=&#8221;repeat&#8221;][et_pb_column type=&#8221;4_4&#8243;][et_pb_text admin_label=&#8221;Text&#8221; _builder_version=&#8221;3.15&#8243; background_size=&#8221;initial&#8221; background_position=&#8221;top_left&#8221; background_repeat=&#8221;repeat&#8221; header_5_font=&#8221;|||on|||||&#8221; header_5_line_height=&#8221;1.7em&#8221;]\n<div class=\"page\" title=\"Page 1\">\n<div class=\"layoutArea\">\n<div class=\"column\">\n<h5 style=\"text-align: center;\"><strong><em>Dalla Regione Lombardia i progetti per la mobilit\u00e0 sostenibile<\/em><\/strong><\/h5>\n<\/div>\n<\/div>\n<\/div>\n<strong><em>Dal 27 al 29 settembre a Palazzo Lombardia i modelli \u201celettrizzanti\u201d <\/em><\/strong>\n(Milano 21 settembre 2018) Nelle tre giornate di e_mob, la Conferenza Nazionale della Mobilit\u00e0 Elettrica che si terr\u00e0 a Palazzo Regione di Milano dal 27 al 29 settembre, c\u2019\u00e8 <strong>spazio per l\u2019innovazione<\/strong>. A proporre progetti per un futuro sostenibile a basse emissioni di gas serra e inquinanti \u00e8 la Regione Lombardia con \u201c<strong>Parterre innovazione<\/strong>\u201d, area espositiva con i progetti innovativi sulla mobilit\u00e0, alcuni dei quali cofinanziati dai fondi europei dell&#8217;Asse 1-Innovazione del Por-Fesr 2014\/2020. <strong>L\u2019obiettivo<\/strong> \u00e8 avvicinare il grande pubblico alla tecnologia e svelare le iniziative pi\u00f9 interessanti per la mobilit\u00e0 di domani.\n<h5 style=\"text-align: center;\"><strong>Brembo &#8211; InProves<\/strong><\/h5>\nInproves \u00e9 un progetto pilota finalizzato allo sviluppo di motori elettrici brushless (&#8220;senza spazzole&#8221;) a magneti permanenti (PMM), sia per sistemi frenanti sia per trazione e recupero di energia.\n<h5 style=\"text-align: center;\"><strong>Daze Technology &#8211; Daze Plug<\/strong><\/h5>\nDazePlug \u00e9 un sistema di ricarica autonomo e conduttivo per veicoli elettrici. Il sistema \u00e8 composto da due parti, la prima \u00e8 un dispositivo robotico che si appoggia sul pavimento del garage, la seconda \u00e8 un connettore che va installato sotto al veicolo elettrico. Quando l&#8217;auto parcheggia, non \u00e8 richiesta nessuna precisione di parcheggio e il dispositivo robotico collega il connettore in modo completamente autonomo.\n<h5 style=\"text-align: center;\"><strong>EV Consulenza &#8211; Multi pro Easy <\/strong><\/h5>\nMulti pro easy \u00e8 un dispositivo multifunzione per sistemi di ricarica per auto Normal Charge e Fast Charge. Consente di gestire fino a 8 programmi per la gestione della ricarica dei veicoli elettrici tramite monitor touch screen da 5\u201d con guida vocale che rende l&#8217;esperienza d&#8217;utilizzo semplice ed immediata.\n<h5 style=\"text-align: center;\"><strong>Italian Volt &#8211; Lacama <\/strong><\/h5>\nItalian Volt lavora all&#8217;elettrificazione di veicoli ed utilizza tecnologie all&#8217;avanguardia come i semiconduttori GaN che permettono di aumentare l&#8217;efficienza e di ridurre le dimensioni dei componenti di potenza dei veicoli elettrici come inverter o caricabatterie.\n<h5 style=\"text-align: center;\"><strong>Pradella sistemi &#8211; Pila TAP e CAP <\/strong><\/h5>\nPila \u00e8 un supporto multifunzione. Pu\u00f2 contenere dispositivi di informazione (QRcode, realt\u00e0 aumentata, proximity marketing), utility (prese di ricarica bici elettriche, picocelle, accesso wifi), sicurezza (DAE, videocamere di sorveglianza).\n<h5 style=\"text-align: center;\"><strong>Robby Motor Engineering &#8211; Range Extender <\/strong><\/h5>\nRange Extender \u00e8 un sistema di alimentazione elettrica supplementare per veicoli elettrici. E&#8217; leggero, economico e facilmente integrabile nel veicolo.\n<h5 style=\"text-align: center;\"><strong>S&amp;H &#8211; Nautilus<\/strong><\/h5>\nNautilus \u00e8 un motore fuoribordo elettrico adatto per la propulsione di piccole imbarcazioni come tender, barche per la pesca sportiva e piccole barche a vela. La progettazione ad hoc \u00e8 effettuata per massimizzare sicurezza, affidabilit\u00e0 e manutenibilit\u00e0: fra gli elementi sviluppati, un motore brushless a flusso assiale in corso di brevetto, un pacco batteria al litio removibile e un caricabatterie a energia solare.\n<h5 style=\"text-align: center;\"><strong>S&amp;H \u2013 Ricaric-Air <\/strong><\/h5>\nRicaric-Air \u00e8 la prima infrastruttura di ricarica elettrica al mondo con monitoraggio integrato della qualit\u00e0 dell&#8217;aria a micro-scala. Un&#8217;infrastruttura di colonnine dotate di micro-stazioni per il rilevamento della qualit\u00e0 dell&#8217;aria installate sul territorio permetter\u00e0 la raccolta e l&#8217;analisi dei dati, per stimare la concentrazione dei principali inquinanti con una risoluzione di 10 mt.\n<h5 style=\"text-align: center;\"><strong>STMicroelectronics &#8211; TeInVeIn<\/strong><\/h5>\nUniversit\u00e0 e Partners industriali collaborano alla progettazione e alla realizzazione di un veicolo elettrico interconnesso a guida autonoma per migliorare la sicurezza e diminuire il tasso di inquinamento e la congestione del traffico.\n<h5 style=\"text-align: center;\"><strong>T- Bridge &#8211; Elviten<\/strong><\/h5>\nElviten \u00e8 un progetto pilota per la riduzione degli ostacoli nel mercato dei veicoli leggeri elettrici (biciclette, scooter, quadricicli), proponendo schemi di utilizzo replicabili per l&#8217;acquisto dei mezzo o lo sharing da parte degli utenti sistematici e occasionali e dalle aziende. Il progetto ha in corso le sperimentazioni in 6 citt\u00e0, tra cui in Italia Genova, Roma e Bari. E&#8217; un progetto finanziato sul fondo Horizon 2020.\n<p style=\"text-align: center;\"><em>\u201c<\/em><strong><em>e_mob<\/em><\/strong><em>\u201d \u00e8 il pi\u00f9 importante evento in Italia legato ai temi della mobilit\u00e0 elettrica, promosso da Enti locali, Aziende e Istituzioni col fine di diffondere, sul territorio nazionale, la cultura di un sistema ambientale sostenibile. A Milano dal 27 al 29 settembre, Palazzo Lombardia.<\/em><\/p>\n[\/et_pb_text][et_pb_text _builder_version=&#8221;3.15&#8243;]\n<strong>Comitato promotore<\/strong>\nComune di Milano, Regione Lombardia, Camera di commercio Milano Monza Brianza Lodi, a2a, Class Onlus, Cobat, Gruppo Hera, Enel Edison, Itas Assicurazioni\n<strong>Comitato scientifico<\/strong>\nRSE Ricerca Sistema Energetico, Ancma, Agenzia Mobilit\u00e0 Ambiente Territorio, Utilitalia, ATM Milano, Adiconsum, Asstra, Elettricit\u00e0 Futura, Amsa, Cei Cives\n<strong>Patrocini<\/strong>\nMinistero dell\u2019Ambiente e della Tutela del Territorio e del Mare, Anci\n<strong>Citt\u00e0 promotrici della Carta della Mobilit\u00e0 Elettrica<\/strong>\nMilano, Torino, Firenze, Varese, Bologna\n[\/et_pb_text][\/et_pb_column][\/et_pb_row][\/et_pb_section]\n","protected":false},"excerpt":{"rendered":"<p>Dalla Regione Lombardia i progetti per la mobilit\u00e0 sostenibile Dal 27 al 29 settembre a Palazzo Lombardia i modelli \u201celettrizzanti\u201d (Milano 21 settembre 2018) Nelle tre giornate di e_mob, la Conferenza Nazionale della Mobilit\u00e0 Elettrica che si terr\u00e0 a Palazzo Regione di Milano dal 27 al 29 settembre, c\u2019\u00e8 spazio per l\u2019innovazione. A proporre progetti [&hellip;]<\/p>\n","protected":false},"author":2,"featured_media":51673,"comment_status":"open","ping_status":"open","sticky":false,"template":"","format":"standard","meta":{"_et_pb_use_builder":"on","_et_pb_old_content":"","_et_gb_content_width":"","_exactmetrics_skip_tracking":false,"_exactmetrics_sitenote_active":false,"_exactmetrics_sitenote_note":"","_exactmetrics_sitenote_category":0,"footnotes":""},"categories":[27,332],"tags":[60,61,165,10,11],"yoast_head":"<!-- This site is optimized with the Yoast SEO plugin v22.9 - https:\/\/yoast.com\/wordpress\/plugins\/seo\/ -->\n<title>Parterre innovazione: per futuro a basse emissioni &#8226; e_mob<\/title>\n<meta name=\"description\" content=\"e_mob \u00e8 il tavolo permanente degli stakeholder della mobilit\u00e0 elettrica in Italia. Organizza ogni anno a Milano la Conferenza Nazionale del settore, nel 2021 in programma dal 16 al 19 ottobre.\" \/>\n<meta name=\"robots\" content=\"index, follow, max-snippet:-1, max-image-preview:large, max-video-preview:-1\" \/>\n<link rel=\"canonical\" href=\"https:\/\/emob-italia.it\/2018\/09\/21\/parterre-innovazione-per-futuro-a-basse-emissioni\/\" \/>\n<meta property=\"og:locale\" content=\"en_US\" \/>\n<meta property=\"og:type\" content=\"article\" \/>\n<meta property=\"og:title\" content=\"Parterre innovazione: per futuro a basse emissioni &#8226; e_mob\" \/>\n<meta property=\"og:description\" content=\"e_mob \u00e8 il tavolo permanente degli stakeholder della mobilit\u00e0 elettrica in Italia. Organizza ogni anno a Milano la Conferenza Nazionale del settore, nel 2021 in programma dal 16 al 19 ottobre.\" \/>\n<meta property=\"og:url\" content=\"https:\/\/emob-italia.it\/2018\/09\/21\/parterre-innovazione-per-futuro-a-basse-emissioni\/\" \/>\n<meta property=\"og:site_name\" content=\"e_mob\" \/>\n<meta property=\"article:publisher\" content=\"https:\/\/www.facebook.com\/emobitalia\/\" \/>\n<meta property=\"article:published_time\" content=\"2018-09-21T13:06:47+00:00\" \/>\n<meta property=\"article:modified_time\" content=\"2020-06-03T07:57:34+00:00\" \/>\n<meta property=\"og:image\" content=\"https:\/\/emob-italia.it\/wp-content\/uploads\/2018\/09\/parterre-logo.web_.png\" \/>\n\t<meta property=\"og:image:width\" content=\"1200\" \/>\n\t<meta property=\"og:image:height\" content=\"630\" \/>\n\t<meta property=\"og:image:type\" content=\"image\/png\" \/>\n<meta name=\"author\" content=\"Nadia Paglia\" \/>\n<meta name=\"twitter:label1\" content=\"Written by\" \/>\n\t<meta name=\"twitter:data1\" content=\"Nadia Paglia\" \/>\n\t<meta name=\"twitter:label2\" content=\"Est. reading time\" \/>\n\t<meta name=\"twitter:data2\" content=\"4 minutes\" \/>\n<script type=\"application\/ld+json\" class=\"yoast-schema-graph\">{\"@context\":\"https:\/\/schema.org\",\"@graph\":[{\"@type\":\"Article\",\"@id\":\"https:\/\/emob-italia.it\/2018\/09\/21\/parterre-innovazione-per-futuro-a-basse-emissioni\/#article\",\"isPartOf\":{\"@id\":\"https:\/\/emob-italia.it\/2018\/09\/21\/parterre-innovazione-per-futuro-a-basse-emissioni\/\"},\"author\":{\"name\":\"Nadia Paglia\",\"@id\":\"https:\/\/emob-italia.it\/#\/schema\/person\/e96f2fe472d4dcca75c9ca51f8951bc5\"},\"headline\":\"Parterre innovazione: per futuro a basse emissioni\",\"datePublished\":\"2018-09-21T13:06:47+00:00\",\"dateModified\":\"2020-06-03T07:57:34+00:00\",\"mainEntityOfPage\":{\"@id\":\"https:\/\/emob-italia.it\/2018\/09\/21\/parterre-innovazione-per-futuro-a-basse-emissioni\/\"},\"wordCount\":788,\"commentCount\":0,\"publisher\":{\"@id\":\"https:\/\/emob-italia.it\/#organization\"},\"image\":{\"@id\":\"https:\/\/emob-italia.it\/2018\/09\/21\/parterre-innovazione-per-futuro-a-basse-emissioni\/#primaryimage\"},\"thumbnailUrl\":\"https:\/\/emob-italia.it\/wp-content\/uploads\/2018\/09\/parterre-logo.web_.png\",\"keywords\":[\"cambiamenti climatici\",\"emissioni\",\"emob\",\"mobilit\u00e0 elettrica\",\"Mobilit\u00e0 Sostenibile\"],\"articleSection\":[\"Comunicati stampa\",\"Settembre 2018\"],\"inLanguage\":\"en-US\",\"potentialAction\":[{\"@type\":\"CommentAction\",\"name\":\"Comment\",\"target\":[\"https:\/\/emob-italia.it\/2018\/09\/21\/parterre-innovazione-per-futuro-a-basse-emissioni\/#respond\"]}]},{\"@type\":\"WebPage\",\"@id\":\"https:\/\/emob-italia.it\/2018\/09\/21\/parterre-innovazione-per-futuro-a-basse-emissioni\/\",\"url\":\"https:\/\/emob-italia.it\/2018\/09\/21\/parterre-innovazione-per-futuro-a-basse-emissioni\/\",\"name\":\"Parterre innovazione: per futuro a basse emissioni &#8226; e_mob\",\"isPartOf\":{\"@id\":\"https:\/\/emob-italia.it\/#website\"},\"primaryImageOfPage\":{\"@id\":\"https:\/\/emob-italia.it\/2018\/09\/21\/parterre-innovazione-per-futuro-a-basse-emissioni\/#primaryimage\"},\"image\":{\"@id\":\"https:\/\/emob-italia.it\/2018\/09\/21\/parterre-innovazione-per-futuro-a-basse-emissioni\/#primaryimage\"},\"thumbnailUrl\":\"https:\/\/emob-italia.it\/wp-content\/uploads\/2018\/09\/parterre-logo.web_.png\",\"datePublished\":\"2018-09-21T13:06:47+00:00\",\"dateModified\":\"2020-06-03T07:57:34+00:00\",\"description\":\"e_mob \u00e8 il tavolo permanente degli stakeholder della mobilit\u00e0 elettrica in Italia. Organizza ogni anno a Milano la Conferenza Nazionale del settore, nel 2021 in programma dal 16 al 19 ottobre.\",\"breadcrumb\":{\"@id\":\"https:\/\/emob-italia.it\/2018\/09\/21\/parterre-innovazione-per-futuro-a-basse-emissioni\/#breadcrumb\"},\"inLanguage\":\"en-US\",\"potentialAction\":[{\"@type\":\"ReadAction\",\"target\":[\"https:\/\/emob-italia.it\/2018\/09\/21\/parterre-innovazione-per-futuro-a-basse-emissioni\/\"]}]},{\"@type\":\"ImageObject\",\"inLanguage\":\"en-US\",\"@id\":\"https:\/\/emob-italia.it\/2018\/09\/21\/parterre-innovazione-per-futuro-a-basse-emissioni\/#primaryimage\",\"url\":\"https:\/\/emob-italia.it\/wp-content\/uploads\/2018\/09\/parterre-logo.web_.png\",\"contentUrl\":\"https:\/\/emob-italia.it\/wp-content\/uploads\/2018\/09\/parterre-logo.web_.png\",\"width\":1200,\"height\":630},{\"@type\":\"BreadcrumbList\",\"@id\":\"https:\/\/emob-italia.it\/2018\/09\/21\/parterre-innovazione-per-futuro-a-basse-emissioni\/#breadcrumb\",\"itemListElement\":[{\"@type\":\"ListItem\",\"position\":1,\"name\":\"Home\",\"item\":\"https:\/\/emob-italia.it\/en\/\"},{\"@type\":\"ListItem\",\"position\":2,\"name\":\"Parterre innovazione: per futuro a basse emissioni\"}]},{\"@type\":\"WebSite\",\"@id\":\"https:\/\/emob-italia.it\/#website\",\"url\":\"https:\/\/emob-italia.it\/\",\"name\":\"e_mob\",\"description\":\"Mobilit\u00e0 Elettrica\",\"publisher\":{\"@id\":\"https:\/\/emob-italia.it\/#organization\"},\"potentialAction\":[{\"@type\":\"SearchAction\",\"target\":{\"@type\":\"EntryPoint\",\"urlTemplate\":\"https:\/\/emob-italia.it\/?s={search_term_string}\"},\"query-input\":\"required name=search_term_string\"}],\"inLanguage\":\"en-US\"},{\"@type\":\"Organization\",\"@id\":\"https:\/\/emob-italia.it\/#organization\",\"name\":\"Class Onlus\",\"url\":\"https:\/\/emob-italia.it\/\",\"logo\":{\"@type\":\"ImageObject\",\"inLanguage\":\"en-US\",\"@id\":\"https:\/\/emob-italia.it\/#\/schema\/logo\/image\/\",\"url\":\"https:\/\/emob-italia.it\/wp-content\/uploads\/2019\/03\/0_CLASS-ONLUS-logo-web.png\",\"contentUrl\":\"https:\/\/emob-italia.it\/wp-content\/uploads\/2019\/03\/0_CLASS-ONLUS-logo-web.png\",\"width\":598,\"height\":202,\"caption\":\"Class Onlus\"},\"image\":{\"@id\":\"https:\/\/emob-italia.it\/#\/schema\/logo\/image\/\"},\"sameAs\":[\"https:\/\/www.facebook.com\/emobitalia\/\",\"https:\/\/www.instagram.com\/e_mob_italia\/\",\"https:\/\/www.linkedin.com\/groups\/12186185\/\",\"https:\/\/www.youtube.com\/channel\/UCvnTcrhggAX_AkFwGxRfqFw\/featured?view_as=subscriber\"]},{\"@type\":\"Person\",\"@id\":\"https:\/\/emob-italia.it\/#\/schema\/person\/e96f2fe472d4dcca75c9ca51f8951bc5\",\"name\":\"Nadia Paglia\",\"image\":{\"@type\":\"ImageObject\",\"inLanguage\":\"en-US\",\"@id\":\"https:\/\/emob-italia.it\/#\/schema\/person\/image\/\",\"url\":\"https:\/\/secure.gravatar.com\/avatar\/02e0cd654df2106544e1a6f3ee921a91?s=96&r=g\",\"contentUrl\":\"https:\/\/secure.gravatar.com\/avatar\/02e0cd654df2106544e1a6f3ee921a91?s=96&r=g\",\"caption\":\"Nadia Paglia\"},\"url\":\"https:\/\/emob-italia.it\/en\/author\/nadia-paglia\/\"}]}<\/script>\n<!-- \/ Yoast SEO plugin. -->","yoast_head_json":{"title":"Parterre innovazione: per futuro a basse emissioni &#8226; e_mob","description":"e_mob \u00e8 il tavolo permanente degli stakeholder della mobilit\u00e0 elettrica in Italia. Organizza ogni anno a Milano la Conferenza Nazionale del settore, nel 2021 in programma dal 16 al 19 ottobre.","robots":{"index":"index","follow":"follow","max-snippet":"max-snippet:-1","max-image-preview":"max-image-preview:large","max-video-preview":"max-video-preview:-1"},"canonical":"https:\/\/emob-italia.it\/2018\/09\/21\/parterre-innovazione-per-futuro-a-basse-emissioni\/","og_locale":"en_US","og_type":"article","og_title":"Parterre innovazione: per futuro a basse emissioni &#8226; e_mob","og_description":"e_mob \u00e8 il tavolo permanente degli stakeholder della mobilit\u00e0 elettrica in Italia. Organizza ogni anno a Milano la Conferenza Nazionale del settore, nel 2021 in programma dal 16 al 19 ottobre.","og_url":"https:\/\/emob-italia.it\/2018\/09\/21\/parterre-innovazione-per-futuro-a-basse-emissioni\/","og_site_name":"e_mob","article_publisher":"https:\/\/www.facebook.com\/emobitalia\/","article_published_time":"2018-09-21T13:06:47+00:00","article_modified_time":"2020-06-03T07:57:34+00:00","og_image":[{"width":1200,"height":630,"url":"https:\/\/emob-italia.it\/wp-content\/uploads\/2018\/09\/parterre-logo.web_.png","type":"image\/png"}],"author":"Nadia Paglia","twitter_misc":{"Written by":"Nadia Paglia","Est. reading time":"4 minutes"},"schema":{"@context":"https:\/\/schema.org","@graph":[{"@type":"Article","@id":"https:\/\/emob-italia.it\/2018\/09\/21\/parterre-innovazione-per-futuro-a-basse-emissioni\/#article","isPartOf":{"@id":"https:\/\/emob-italia.it\/2018\/09\/21\/parterre-innovazione-per-futuro-a-basse-emissioni\/"},"author":{"name":"Nadia Paglia","@id":"https:\/\/emob-italia.it\/#\/schema\/person\/e96f2fe472d4dcca75c9ca51f8951bc5"},"headline":"Parterre innovazione: per futuro a basse emissioni","datePublished":"2018-09-21T13:06:47+00:00","dateModified":"2020-06-03T07:57:34+00:00","mainEntityOfPage":{"@id":"https:\/\/emob-italia.it\/2018\/09\/21\/parterre-innovazione-per-futuro-a-basse-emissioni\/"},"wordCount":788,"commentCount":0,"publisher":{"@id":"https:\/\/emob-italia.it\/#organization"},"image":{"@id":"https:\/\/emob-italia.it\/2018\/09\/21\/parterre-innovazione-per-futuro-a-basse-emissioni\/#primaryimage"},"thumbnailUrl":"https:\/\/emob-italia.it\/wp-content\/uploads\/2018\/09\/parterre-logo.web_.png","keywords":["cambiamenti climatici","emissioni","emob","mobilit\u00e0 elettrica","Mobilit\u00e0 Sostenibile"],"articleSection":["Comunicati stampa","Settembre 2018"],"inLanguage":"en-US","potentialAction":[{"@type":"CommentAction","name":"Comment","target":["https:\/\/emob-italia.it\/2018\/09\/21\/parterre-innovazione-per-futuro-a-basse-emissioni\/#respond"]}]},{"@type":"WebPage","@id":"https:\/\/emob-italia.it\/2018\/09\/21\/parterre-innovazione-per-futuro-a-basse-emissioni\/","url":"https:\/\/emob-italia.it\/2018\/09\/21\/parterre-innovazione-per-futuro-a-basse-emissioni\/","name":"Parterre innovazione: per futuro a basse emissioni &#8226; e_mob","isPartOf":{"@id":"https:\/\/emob-italia.it\/#website"},"primaryImageOfPage":{"@id":"https:\/\/emob-italia.it\/2018\/09\/21\/parterre-innovazione-per-futuro-a-basse-emissioni\/#primaryimage"},"image":{"@id":"https:\/\/emob-italia.it\/2018\/09\/21\/parterre-innovazione-per-futuro-a-basse-emissioni\/#primaryimage"},"thumbnailUrl":"https:\/\/emob-italia.it\/wp-content\/uploads\/2018\/09\/parterre-logo.web_.png","datePublished":"2018-09-21T13:06:47+00:00","dateModified":"2020-06-03T07:57:34+00:00","description":"e_mob \u00e8 il tavolo permanente degli stakeholder della mobilit\u00e0 elettrica in Italia. Organizza ogni anno a Milano la Conferenza Nazionale del settore, nel 2021 in programma dal 16 al 19 ottobre.","breadcrumb":{"@id":"https:\/\/emob-italia.it\/2018\/09\/21\/parterre-innovazione-per-futuro-a-basse-emissioni\/#breadcrumb"},"inLanguage":"en-US","potentialAction":[{"@type":"ReadAction","target":["https:\/\/emob-italia.it\/2018\/09\/21\/parterre-innovazione-per-futuro-a-basse-emissioni\/"]}]},{"@type":"ImageObject","inLanguage":"en-US","@id":"https:\/\/emob-italia.it\/2018\/09\/21\/parterre-innovazione-per-futuro-a-basse-emissioni\/#primaryimage","url":"https:\/\/emob-italia.it\/wp-content\/uploads\/2018\/09\/parterre-logo.web_.png","contentUrl":"https:\/\/emob-italia.it\/wp-content\/uploads\/2018\/09\/parterre-logo.web_.png","width":1200,"height":630},{"@type":"BreadcrumbList","@id":"https:\/\/emob-italia.it\/2018\/09\/21\/parterre-innovazione-per-futuro-a-basse-emissioni\/#breadcrumb","itemListElement":[{"@type":"ListItem","position":1,"name":"Home","item":"https:\/\/emob-italia.it\/en\/"},{"@type":"ListItem","position":2,"name":"Parterre innovazione: per futuro a basse emissioni"}]},{"@type":"WebSite","@id":"https:\/\/emob-italia.it\/#website","url":"https:\/\/emob-italia.it\/","name":"e_mob","description":"Mobilit\u00e0 Elettrica","publisher":{"@id":"https:\/\/emob-italia.it\/#organization"},"potentialAction":[{"@type":"SearchAction","target":{"@type":"EntryPoint","urlTemplate":"https:\/\/emob-italia.it\/?s={search_term_string}"},"query-input":"required name=search_term_string"}],"inLanguage":"en-US"},{"@type":"Organization","@id":"https:\/\/emob-italia.it\/#organization","name":"Class Onlus","url":"https:\/\/emob-italia.it\/","logo":{"@type":"ImageObject","inLanguage":"en-US","@id":"https:\/\/emob-italia.it\/#\/schema\/logo\/image\/","url":"https:\/\/emob-italia.it\/wp-content\/uploads\/2019\/03\/0_CLASS-ONLUS-logo-web.png","contentUrl":"https:\/\/emob-italia.it\/wp-content\/uploads\/2019\/03\/0_CLASS-ONLUS-logo-web.png","width":598,"height":202,"caption":"Class Onlus"},"image":{"@id":"https:\/\/emob-italia.it\/#\/schema\/logo\/image\/"},"sameAs":["https:\/\/www.facebook.com\/emobitalia\/","https:\/\/www.instagram.com\/e_mob_italia\/","https:\/\/www.linkedin.com\/groups\/12186185\/","https:\/\/www.youtube.com\/channel\/UCvnTcrhggAX_AkFwGxRfqFw\/featured?view_as=subscriber"]},{"@type":"Person","@id":"https:\/\/emob-italia.it\/#\/schema\/person\/e96f2fe472d4dcca75c9ca51f8951bc5","name":"Nadia Paglia","image":{"@type":"ImageObject","inLanguage":"en-US","@id":"https:\/\/emob-italia.it\/#\/schema\/person\/image\/","url":"https:\/\/secure.gravatar.com\/avatar\/02e0cd654df2106544e1a6f3ee921a91?s=96&r=g","contentUrl":"https:\/\/secure.gravatar.com\/avatar\/02e0cd654df2106544e1a6f3ee921a91?s=96&r=g","caption":"Nadia Paglia"},"url":"https:\/\/emob-italia.it\/en\/author\/nadia-paglia\/"}]}},"_links":{"self":[{"href":"https:\/\/emob-italia.it\/en\/wp-json\/wp\/v2\/posts\/49885"}],"collection":[{"href":"https:\/\/emob-italia.it\/en\/wp-json\/wp\/v2\/posts"}],"about":[{"href":"https:\/\/emob-italia.it\/en\/wp-json\/wp\/v2\/types\/post"}],"author":[{"embeddable":true,"href":"https:\/\/emob-italia.it\/en\/wp-json\/wp\/v2\/users\/2"}],"replies":[{"embeddable":true,"href":"https:\/\/emob-italia.it\/en\/wp-json\/wp\/v2\/comments?post=49885"}],"version-history":[{"count":0,"href":"https:\/\/emob-italia.it\/en\/wp-json\/wp\/v2\/posts\/49885\/revisions"}],"wp:featuredmedia":[{"embeddable":true,"href":"https:\/\/emob-italia.it\/en\/wp-json\/wp\/v2\/media\/51673"}],"wp:attachment":[{"href":"https:\/\/emob-italia.it\/en\/wp-json\/wp\/v2\/media?parent=49885"}],"wp:term":[{"taxonomy":"category","embeddable":true,"href":"https:\/\/emob-italia.it\/en\/wp-json\/wp\/v2\/categories?post=49885"},{"taxonomy":"post_tag","embeddable":true,"href":"https:\/\/emob-italia.it\/en\/wp-json\/wp\/v2\/tags?post=49885"}],"curies":[{"name":"wp","href":"https:\/\/api.w.org\/{rel}","templated":true}]}}