{"id":49854,"date":"2018-07-16T10:01:34","date_gmt":"2018-07-16T10:01:34","guid":{"rendered":"https:\/\/emob2018.it\/?p=49854"},"modified":"2024-03-04T19:59:50","modified_gmt":"2024-03-04T18:59:50","slug":"a-milano-500-auto-elettriche-per-il-raduno-piu-silenzioso-ed-ecosostenibile-ditalia","status":"publish","type":"post","link":"https:\/\/emob-italia.it\/en\/2018\/07\/16\/a-milano-500-auto-elettriche-per-il-raduno-piu-silenzioso-ed-ecosostenibile-ditalia\/","title":{"rendered":"A Milano 500 auto elettriche per il raduno pi\u00f9 silenzioso ed ecosostenibile d\u2019Italia"},"content":{"rendered":"<p>[et_pb_section fb_built=&#8221;1&#8243; admin_label=&#8221;section&#8221; _builder_version=&#8221;3.0.47&#8243;][et_pb_row admin_label=&#8221;row&#8221; _builder_version=&#8221;3.0.48&#8243; background_size=&#8221;initial&#8221; background_position=&#8221;top_left&#8221; background_repeat=&#8221;repeat&#8221;][et_pb_column type=&#8221;4_4&#8243; _builder_version=&#8221;3.0.47&#8243; parallax=&#8221;off&#8221; parallax_method=&#8221;on&#8221;][et_pb_text admin_label=&#8221;Text&#8221; _builder_version=&#8221;3.15&#8243; header_5_font=&#8221;|||on|||||&#8221; header_5_line_height=&#8221;1.7em&#8221; background_size=&#8221;initial&#8221; background_position=&#8221;top_left&#8221; background_repeat=&#8221;repeat&#8221;]<\/p>\n<div class=\"page\" title=\"Page 1\">\n<div class=\"layoutArea\">\n<div class=\"column\">\n<em>Foto di Stefano Elidori<\/em><br \/>\n&nbsp;<\/p>\n<h5 style=\"text-align: center;\"><strong>A Milano 500 auto elettriche per il <\/strong><strong>raduno pi\u00f9 silenzioso ed ecosostenibile<\/strong><strong> d\u2019Italia <\/strong><\/h5>\n<\/div>\n<\/div>\n<\/div>\n<p>(16 luglio 2018) Il <strong>29 settembre<\/strong> sono <strong>500 le vetture a batterie<\/strong> attese al meeting automobilistico pi\u00f9 silenzioso e pi\u00f9 ecosostenibile d\u2019Italia, il raduno di auto elettriche che si tiene in contemporanea con <strong>e_mob 2018<\/strong>, la <strong>Conferenza Nazionale della Mobilit\u00e0 Elettrica<\/strong> in calendario a Palazzo Regione di Milano dal 27 al 29 settembre.<br \/>\nA pi\u00f9 di due mesi dall\u2019evento sono gi\u00e0 oltre 200 i possessori di modelli a zero emissioni ad avere aderito al raduno iscrivendosi gratuitamente tramite il forum all\u2019interno dell\u2019apposita pagina del sito e_mob. Un risultato ottenuto in poche settimane che rende plausibile il traguardo delle 500 unit\u00e0 previste dagli organizzatori.<br \/>\nIl ritrovo delle 500 auto \u00e8 fissato per sabato 29 settembre, ore 9.00, presso il parcheggio di via Gerolamo Cardano, a pochi passi da Palazzo Lombardia. I veicoli saranno schierati per marchio e modello a rappresentare l\u2019intera offerta commerciale italiana. A essere premiati, per\u00f2, saranno in pochi: il possessore arrivato da pi\u00f9 lontano e quello della vettura pi\u00f9 longeva.<br \/>\nMa il piacere del ritrovarsi e di condividere le esperienze dei viaggi a emissioni zero \u00e8 di tutti, inclusi i visitatori che hanno un\u2019occasione unica per informarsi direttamente da chi guida elettrico sui vantaggi e le difficolt\u00e0 della scelta tecnologica del futuro.<br \/>\nPer il popolo elettrico il raduno \u00e8 pure l\u2019opportunit\u00e0 di dialogare direttamente con le istituzioni e le aziende. Ai rappresentanti del Governo e degli enti locali possono chiedere le azioni e gli interventi in atto a favore della mobilit\u00e0 elettrica e suggerire quelli futuri o desiderati.<br \/>\nDagli esponenti delle societ\u00e0 si potranno scoprire le soluzioni pensate per rendere pi\u00f9 agevole la vita elettrica.<br \/>\n<strong>ITAS<\/strong> Assicurazioni, gi\u00e0 attiva nell\u2019offerta di polizze assicurative dedicate ai modelli a emissioni zero, presenter\u00e0 un&#8217;offerta dedicata alla sicurezza di chi sceglie la <strong>mobilit\u00e0 green<\/strong> che promette di essere vantaggiosa e pratica.<br \/>\n<strong>A2A, Edison, Enel e il Gruppo Hera <\/strong>esporranno le offerte commerciali per la ricarica pubblica e domestica e le convenzioni per chi vuole rendere ancora pi\u00f9 sostenibile la propria mobilit\u00e0 installando a casa pannelli fotovoltaici e i sistemi accumulo dell\u2019energia.<br \/>\n<strong>Class Onlus<\/strong> riproporr\u00e0 Sov-Help, l\u2019innovativo servizio di SOS ricarica che fornisce assistenza alle auto elettriche in panne per esaurimento delle batterie, realizzato nel 2017 grazie alla collaborazione di <strong>Cobat<\/strong>, al contributo della <strong>Fondazione Cariplo<\/strong> e alla partecipazione della <strong>Regione Lombardia<\/strong>.<\/p>\n<p style=\"text-align: center;\"><em>\u201c<\/em><strong><em>e_mob<\/em><\/strong><em>\u201d \u00e8 il pi\u00f9 importante evento in Italia legato ai temi della mobilit\u00e0 elettrica, promosso da Enti locali, Aziende e Istituzioni col fine di diffondere, sul territorio nazionale, la cultura di un sistema ambientale sostenibile. <\/em><\/p>\n<p style=\"text-align: center;\"><em>A Milano dal 27 al 29 settembre, Palazzo Lombardia.<\/em><\/p>\n<p>[\/et_pb_text][et_pb_text _builder_version=&#8221;3.15&#8243;]<strong>Comitato promotore<\/strong><br \/>\nComune di Milano, Regione Lombardia, Camera di commercio Milano Monza Brianza Lodi, a2a, Class Onlus, Cobat, Gruppo Hera, Enel Edison, Itas Assicurazioni<br \/>\n<strong>Comitato scientifico<\/strong><br \/>\nRSE Ricerca Sistema Energetico, Ancma, Agenzia Mobilit\u00e0 Ambiente Territorio, Utilitalia, ATM Milano, Adiconsum, Asstra, Elettricit\u00e0 Futura, Amsa, Cei Cives<br \/>\n<strong>Patrocini<\/strong><br \/>\nMinistero dell\u2019Ambiente e della Tutela del Territorio e del Mare, Anci<br \/>\n<strong>Citt\u00e0 promotrici della Carta della Mobilit\u00e0 Elettrica<\/strong><br \/>\nMilano, Torino, Firenze, Varese, Bologna[\/et_pb_text][\/et_pb_column][\/et_pb_row][\/et_pb_section]<\/p>\n","protected":false},"excerpt":{"rendered":"<p>Il 29 settembre sono 500 le vetture a batterie attese al meeting automobilistico pi\u00f9 silenzioso e pi\u00f9 ecosostenibile d\u2019Italia, il raduno di auto elettriche che si tiene in contemporanea con e_mob 2018<\/p>\n","protected":false},"author":2,"featured_media":51737,"comment_status":"open","ping_status":"open","sticky":false,"template":"","format":"standard","meta":{"_et_pb_use_builder":"on","_et_pb_old_content":"","_et_gb_content_width":"","_exactmetrics_skip_tracking":false,"_exactmetrics_sitenote_active":false,"_exactmetrics_sitenote_note":"","_exactmetrics_sitenote_category":0,"footnotes":""},"categories":[27,334,12],"tags":[165],"yoast_head":"<!-- This site is optimized with the Yoast SEO plugin v22.9 - https:\/\/yoast.com\/wordpress\/plugins\/seo\/ -->\n<title>A Milano 500 auto elettriche per il raduno pi\u00f9 silenzioso ed ecosostenibile d\u2019Italia &#8226; e_mob<\/title>\n<meta name=\"description\" content=\"e_mob \u00e8 il tavolo permanente degli stakeholder della mobilit\u00e0 elettrica in Italia. Organizza ogni anno a Milano la Conferenza Nazionale del settore, nel 2021 in programma dal 16 al 19 ottobre.\" \/>\n<meta name=\"robots\" content=\"index, follow, max-snippet:-1, max-image-preview:large, max-video-preview:-1\" \/>\n<link rel=\"canonical\" href=\"https:\/\/emob-italia.it\/2018\/07\/16\/a-milano-500-auto-elettriche-per-il-raduno-piu-silenzioso-ed-ecosostenibile-ditalia\/\" \/>\n<meta property=\"og:locale\" content=\"en_US\" \/>\n<meta property=\"og:type\" content=\"article\" \/>\n<meta property=\"og:title\" content=\"A Milano 500 auto elettriche per il raduno pi\u00f9 silenzioso ed ecosostenibile d\u2019Italia &#8226; e_mob\" \/>\n<meta property=\"og:description\" content=\"e_mob \u00e8 il tavolo permanente degli stakeholder della mobilit\u00e0 elettrica in Italia. Organizza ogni anno a Milano la Conferenza Nazionale del settore, nel 2021 in programma dal 16 al 19 ottobre.\" \/>\n<meta property=\"og:url\" content=\"https:\/\/emob-italia.it\/2018\/07\/16\/a-milano-500-auto-elettriche-per-il-raduno-piu-silenzioso-ed-ecosostenibile-ditalia\/\" \/>\n<meta property=\"og:site_name\" content=\"e_mob\" \/>\n<meta property=\"article:publisher\" content=\"https:\/\/www.facebook.com\/emobitalia\/\" \/>\n<meta property=\"article:published_time\" content=\"2018-07-16T10:01:34+00:00\" \/>\n<meta property=\"article:modified_time\" content=\"2024-03-04T18:59:50+00:00\" \/>\n<meta property=\"og:image\" content=\"https:\/\/emob-italia.it\/wp-content\/uploads\/2018\/07\/Comunicato-03.jpg\" \/>\n\t<meta property=\"og:image:width\" content=\"1200\" \/>\n\t<meta property=\"og:image:height\" content=\"630\" \/>\n\t<meta property=\"og:image:type\" content=\"image\/jpeg\" \/>\n<meta name=\"author\" content=\"Nadia Paglia\" \/>\n<meta name=\"twitter:label1\" content=\"Written by\" \/>\n\t<meta name=\"twitter:data1\" content=\"Nadia Paglia\" \/>\n\t<meta name=\"twitter:label2\" content=\"Est. reading time\" \/>\n\t<meta name=\"twitter:data2\" content=\"3 minutes\" \/>\n<script type=\"application\/ld+json\" class=\"yoast-schema-graph\">{\"@context\":\"https:\/\/schema.org\",\"@graph\":[{\"@type\":\"Article\",\"@id\":\"https:\/\/emob-italia.it\/2018\/07\/16\/a-milano-500-auto-elettriche-per-il-raduno-piu-silenzioso-ed-ecosostenibile-ditalia\/#article\",\"isPartOf\":{\"@id\":\"https:\/\/emob-italia.it\/2018\/07\/16\/a-milano-500-auto-elettriche-per-il-raduno-piu-silenzioso-ed-ecosostenibile-ditalia\/\"},\"author\":{\"name\":\"Nadia Paglia\",\"@id\":\"https:\/\/emob-italia.it\/#\/schema\/person\/e96f2fe472d4dcca75c9ca51f8951bc5\"},\"headline\":\"A Milano 500 auto elettriche per il raduno pi\u00f9 silenzioso ed ecosostenibile d\u2019Italia\",\"datePublished\":\"2018-07-16T10:01:34+00:00\",\"dateModified\":\"2024-03-04T18:59:50+00:00\",\"mainEntityOfPage\":{\"@id\":\"https:\/\/emob-italia.it\/2018\/07\/16\/a-milano-500-auto-elettriche-per-il-raduno-piu-silenzioso-ed-ecosostenibile-ditalia\/\"},\"wordCount\":605,\"commentCount\":0,\"publisher\":{\"@id\":\"https:\/\/emob-italia.it\/#organization\"},\"image\":{\"@id\":\"https:\/\/emob-italia.it\/2018\/07\/16\/a-milano-500-auto-elettriche-per-il-raduno-piu-silenzioso-ed-ecosostenibile-ditalia\/#primaryimage\"},\"thumbnailUrl\":\"https:\/\/emob-italia.it\/wp-content\/uploads\/2018\/07\/Comunicato-03.jpg\",\"keywords\":[\"emob\"],\"articleSection\":[\"Comunicati stampa\",\"Luglio 2018\",\"Raduni\"],\"inLanguage\":\"en-US\",\"potentialAction\":[{\"@type\":\"CommentAction\",\"name\":\"Comment\",\"target\":[\"https:\/\/emob-italia.it\/2018\/07\/16\/a-milano-500-auto-elettriche-per-il-raduno-piu-silenzioso-ed-ecosostenibile-ditalia\/#respond\"]}]},{\"@type\":\"WebPage\",\"@id\":\"https:\/\/emob-italia.it\/2018\/07\/16\/a-milano-500-auto-elettriche-per-il-raduno-piu-silenzioso-ed-ecosostenibile-ditalia\/\",\"url\":\"https:\/\/emob-italia.it\/2018\/07\/16\/a-milano-500-auto-elettriche-per-il-raduno-piu-silenzioso-ed-ecosostenibile-ditalia\/\",\"name\":\"A Milano 500 auto elettriche per il raduno pi\u00f9 silenzioso ed ecosostenibile d\u2019Italia &#8226; e_mob\",\"isPartOf\":{\"@id\":\"https:\/\/emob-italia.it\/#website\"},\"primaryImageOfPage\":{\"@id\":\"https:\/\/emob-italia.it\/2018\/07\/16\/a-milano-500-auto-elettriche-per-il-raduno-piu-silenzioso-ed-ecosostenibile-ditalia\/#primaryimage\"},\"image\":{\"@id\":\"https:\/\/emob-italia.it\/2018\/07\/16\/a-milano-500-auto-elettriche-per-il-raduno-piu-silenzioso-ed-ecosostenibile-ditalia\/#primaryimage\"},\"thumbnailUrl\":\"https:\/\/emob-italia.it\/wp-content\/uploads\/2018\/07\/Comunicato-03.jpg\",\"datePublished\":\"2018-07-16T10:01:34+00:00\",\"dateModified\":\"2024-03-04T18:59:50+00:00\",\"description\":\"e_mob \u00e8 il tavolo permanente degli stakeholder della mobilit\u00e0 elettrica in Italia. Organizza ogni anno a Milano la Conferenza Nazionale del settore, nel 2021 in programma dal 16 al 19 ottobre.\",\"breadcrumb\":{\"@id\":\"https:\/\/emob-italia.it\/2018\/07\/16\/a-milano-500-auto-elettriche-per-il-raduno-piu-silenzioso-ed-ecosostenibile-ditalia\/#breadcrumb\"},\"inLanguage\":\"en-US\",\"potentialAction\":[{\"@type\":\"ReadAction\",\"target\":[\"https:\/\/emob-italia.it\/2018\/07\/16\/a-milano-500-auto-elettriche-per-il-raduno-piu-silenzioso-ed-ecosostenibile-ditalia\/\"]}]},{\"@type\":\"ImageObject\",\"inLanguage\":\"en-US\",\"@id\":\"https:\/\/emob-italia.it\/2018\/07\/16\/a-milano-500-auto-elettriche-per-il-raduno-piu-silenzioso-ed-ecosostenibile-ditalia\/#primaryimage\",\"url\":\"https:\/\/emob-italia.it\/wp-content\/uploads\/2018\/07\/Comunicato-03.jpg\",\"contentUrl\":\"https:\/\/emob-italia.it\/wp-content\/uploads\/2018\/07\/Comunicato-03.jpg\",\"width\":1200,\"height\":630},{\"@type\":\"BreadcrumbList\",\"@id\":\"https:\/\/emob-italia.it\/2018\/07\/16\/a-milano-500-auto-elettriche-per-il-raduno-piu-silenzioso-ed-ecosostenibile-ditalia\/#breadcrumb\",\"itemListElement\":[{\"@type\":\"ListItem\",\"position\":1,\"name\":\"Home\",\"item\":\"https:\/\/emob-italia.it\/en\/\"},{\"@type\":\"ListItem\",\"position\":2,\"name\":\"A Milano 500 auto elettriche per il raduno pi\u00f9 silenzioso ed ecosostenibile d\u2019Italia\"}]},{\"@type\":\"WebSite\",\"@id\":\"https:\/\/emob-italia.it\/#website\",\"url\":\"https:\/\/emob-italia.it\/\",\"name\":\"e_mob\",\"description\":\"Mobilit\u00e0 Elettrica\",\"publisher\":{\"@id\":\"https:\/\/emob-italia.it\/#organization\"},\"potentialAction\":[{\"@type\":\"SearchAction\",\"target\":{\"@type\":\"EntryPoint\",\"urlTemplate\":\"https:\/\/emob-italia.it\/?s={search_term_string}\"},\"query-input\":\"required name=search_term_string\"}],\"inLanguage\":\"en-US\"},{\"@type\":\"Organization\",\"@id\":\"https:\/\/emob-italia.it\/#organization\",\"name\":\"Class Onlus\",\"url\":\"https:\/\/emob-italia.it\/\",\"logo\":{\"@type\":\"ImageObject\",\"inLanguage\":\"en-US\",\"@id\":\"https:\/\/emob-italia.it\/#\/schema\/logo\/image\/\",\"url\":\"https:\/\/emob-italia.it\/wp-content\/uploads\/2019\/03\/0_CLASS-ONLUS-logo-web.png\",\"contentUrl\":\"https:\/\/emob-italia.it\/wp-content\/uploads\/2019\/03\/0_CLASS-ONLUS-logo-web.png\",\"width\":598,\"height\":202,\"caption\":\"Class Onlus\"},\"image\":{\"@id\":\"https:\/\/emob-italia.it\/#\/schema\/logo\/image\/\"},\"sameAs\":[\"https:\/\/www.facebook.com\/emobitalia\/\",\"https:\/\/www.instagram.com\/e_mob_italia\/\",\"https:\/\/www.linkedin.com\/groups\/12186185\/\",\"https:\/\/www.youtube.com\/channel\/UCvnTcrhggAX_AkFwGxRfqFw\/featured?view_as=subscriber\"]},{\"@type\":\"Person\",\"@id\":\"https:\/\/emob-italia.it\/#\/schema\/person\/e96f2fe472d4dcca75c9ca51f8951bc5\",\"name\":\"Nadia Paglia\",\"image\":{\"@type\":\"ImageObject\",\"inLanguage\":\"en-US\",\"@id\":\"https:\/\/emob-italia.it\/#\/schema\/person\/image\/\",\"url\":\"https:\/\/secure.gravatar.com\/avatar\/02e0cd654df2106544e1a6f3ee921a91?s=96&r=g\",\"contentUrl\":\"https:\/\/secure.gravatar.com\/avatar\/02e0cd654df2106544e1a6f3ee921a91?s=96&r=g\",\"caption\":\"Nadia Paglia\"},\"url\":\"https:\/\/emob-italia.it\/en\/author\/nadia-paglia\/\"}]}<\/script>\n<!-- \/ Yoast SEO plugin. -->","yoast_head_json":{"title":"A Milano 500 auto elettriche per il raduno pi\u00f9 silenzioso ed ecosostenibile d\u2019Italia &#8226; e_mob","description":"e_mob \u00e8 il tavolo permanente degli stakeholder della mobilit\u00e0 elettrica in Italia. Organizza ogni anno a Milano la Conferenza Nazionale del settore, nel 2021 in programma dal 16 al 19 ottobre.","robots":{"index":"index","follow":"follow","max-snippet":"max-snippet:-1","max-image-preview":"max-image-preview:large","max-video-preview":"max-video-preview:-1"},"canonical":"https:\/\/emob-italia.it\/2018\/07\/16\/a-milano-500-auto-elettriche-per-il-raduno-piu-silenzioso-ed-ecosostenibile-ditalia\/","og_locale":"en_US","og_type":"article","og_title":"A Milano 500 auto elettriche per il raduno pi\u00f9 silenzioso ed ecosostenibile d\u2019Italia &#8226; e_mob","og_description":"e_mob \u00e8 il tavolo permanente degli stakeholder della mobilit\u00e0 elettrica in Italia. Organizza ogni anno a Milano la Conferenza Nazionale del settore, nel 2021 in programma dal 16 al 19 ottobre.","og_url":"https:\/\/emob-italia.it\/2018\/07\/16\/a-milano-500-auto-elettriche-per-il-raduno-piu-silenzioso-ed-ecosostenibile-ditalia\/","og_site_name":"e_mob","article_publisher":"https:\/\/www.facebook.com\/emobitalia\/","article_published_time":"2018-07-16T10:01:34+00:00","article_modified_time":"2024-03-04T18:59:50+00:00","og_image":[{"width":1200,"height":630,"url":"https:\/\/emob-italia.it\/wp-content\/uploads\/2018\/07\/Comunicato-03.jpg","type":"image\/jpeg"}],"author":"Nadia Paglia","twitter_misc":{"Written by":"Nadia Paglia","Est. reading time":"3 minutes"},"schema":{"@context":"https:\/\/schema.org","@graph":[{"@type":"Article","@id":"https:\/\/emob-italia.it\/2018\/07\/16\/a-milano-500-auto-elettriche-per-il-raduno-piu-silenzioso-ed-ecosostenibile-ditalia\/#article","isPartOf":{"@id":"https:\/\/emob-italia.it\/2018\/07\/16\/a-milano-500-auto-elettriche-per-il-raduno-piu-silenzioso-ed-ecosostenibile-ditalia\/"},"author":{"name":"Nadia Paglia","@id":"https:\/\/emob-italia.it\/#\/schema\/person\/e96f2fe472d4dcca75c9ca51f8951bc5"},"headline":"A Milano 500 auto elettriche per il raduno pi\u00f9 silenzioso ed ecosostenibile d\u2019Italia","datePublished":"2018-07-16T10:01:34+00:00","dateModified":"2024-03-04T18:59:50+00:00","mainEntityOfPage":{"@id":"https:\/\/emob-italia.it\/2018\/07\/16\/a-milano-500-auto-elettriche-per-il-raduno-piu-silenzioso-ed-ecosostenibile-ditalia\/"},"wordCount":605,"commentCount":0,"publisher":{"@id":"https:\/\/emob-italia.it\/#organization"},"image":{"@id":"https:\/\/emob-italia.it\/2018\/07\/16\/a-milano-500-auto-elettriche-per-il-raduno-piu-silenzioso-ed-ecosostenibile-ditalia\/#primaryimage"},"thumbnailUrl":"https:\/\/emob-italia.it\/wp-content\/uploads\/2018\/07\/Comunicato-03.jpg","keywords":["emob"],"articleSection":["Comunicati stampa","Luglio 2018","Raduni"],"inLanguage":"en-US","potentialAction":[{"@type":"CommentAction","name":"Comment","target":["https:\/\/emob-italia.it\/2018\/07\/16\/a-milano-500-auto-elettriche-per-il-raduno-piu-silenzioso-ed-ecosostenibile-ditalia\/#respond"]}]},{"@type":"WebPage","@id":"https:\/\/emob-italia.it\/2018\/07\/16\/a-milano-500-auto-elettriche-per-il-raduno-piu-silenzioso-ed-ecosostenibile-ditalia\/","url":"https:\/\/emob-italia.it\/2018\/07\/16\/a-milano-500-auto-elettriche-per-il-raduno-piu-silenzioso-ed-ecosostenibile-ditalia\/","name":"A Milano 500 auto elettriche per il raduno pi\u00f9 silenzioso ed ecosostenibile d\u2019Italia &#8226; e_mob","isPartOf":{"@id":"https:\/\/emob-italia.it\/#website"},"primaryImageOfPage":{"@id":"https:\/\/emob-italia.it\/2018\/07\/16\/a-milano-500-auto-elettriche-per-il-raduno-piu-silenzioso-ed-ecosostenibile-ditalia\/#primaryimage"},"image":{"@id":"https:\/\/emob-italia.it\/2018\/07\/16\/a-milano-500-auto-elettriche-per-il-raduno-piu-silenzioso-ed-ecosostenibile-ditalia\/#primaryimage"},"thumbnailUrl":"https:\/\/emob-italia.it\/wp-content\/uploads\/2018\/07\/Comunicato-03.jpg","datePublished":"2018-07-16T10:01:34+00:00","dateModified":"2024-03-04T18:59:50+00:00","description":"e_mob \u00e8 il tavolo permanente degli stakeholder della mobilit\u00e0 elettrica in Italia. Organizza ogni anno a Milano la Conferenza Nazionale del settore, nel 2021 in programma dal 16 al 19 ottobre.","breadcrumb":{"@id":"https:\/\/emob-italia.it\/2018\/07\/16\/a-milano-500-auto-elettriche-per-il-raduno-piu-silenzioso-ed-ecosostenibile-ditalia\/#breadcrumb"},"inLanguage":"en-US","potentialAction":[{"@type":"ReadAction","target":["https:\/\/emob-italia.it\/2018\/07\/16\/a-milano-500-auto-elettriche-per-il-raduno-piu-silenzioso-ed-ecosostenibile-ditalia\/"]}]},{"@type":"ImageObject","inLanguage":"en-US","@id":"https:\/\/emob-italia.it\/2018\/07\/16\/a-milano-500-auto-elettriche-per-il-raduno-piu-silenzioso-ed-ecosostenibile-ditalia\/#primaryimage","url":"https:\/\/emob-italia.it\/wp-content\/uploads\/2018\/07\/Comunicato-03.jpg","contentUrl":"https:\/\/emob-italia.it\/wp-content\/uploads\/2018\/07\/Comunicato-03.jpg","width":1200,"height":630},{"@type":"BreadcrumbList","@id":"https:\/\/emob-italia.it\/2018\/07\/16\/a-milano-500-auto-elettriche-per-il-raduno-piu-silenzioso-ed-ecosostenibile-ditalia\/#breadcrumb","itemListElement":[{"@type":"ListItem","position":1,"name":"Home","item":"https:\/\/emob-italia.it\/en\/"},{"@type":"ListItem","position":2,"name":"A Milano 500 auto elettriche per il raduno pi\u00f9 silenzioso ed ecosostenibile d\u2019Italia"}]},{"@type":"WebSite","@id":"https:\/\/emob-italia.it\/#website","url":"https:\/\/emob-italia.it\/","name":"e_mob","description":"Mobilit\u00e0 Elettrica","publisher":{"@id":"https:\/\/emob-italia.it\/#organization"},"potentialAction":[{"@type":"SearchAction","target":{"@type":"EntryPoint","urlTemplate":"https:\/\/emob-italia.it\/?s={search_term_string}"},"query-input":"required name=search_term_string"}],"inLanguage":"en-US"},{"@type":"Organization","@id":"https:\/\/emob-italia.it\/#organization","name":"Class Onlus","url":"https:\/\/emob-italia.it\/","logo":{"@type":"ImageObject","inLanguage":"en-US","@id":"https:\/\/emob-italia.it\/#\/schema\/logo\/image\/","url":"https:\/\/emob-italia.it\/wp-content\/uploads\/2019\/03\/0_CLASS-ONLUS-logo-web.png","contentUrl":"https:\/\/emob-italia.it\/wp-content\/uploads\/2019\/03\/0_CLASS-ONLUS-logo-web.png","width":598,"height":202,"caption":"Class Onlus"},"image":{"@id":"https:\/\/emob-italia.it\/#\/schema\/logo\/image\/"},"sameAs":["https:\/\/www.facebook.com\/emobitalia\/","https:\/\/www.instagram.com\/e_mob_italia\/","https:\/\/www.linkedin.com\/groups\/12186185\/","https:\/\/www.youtube.com\/channel\/UCvnTcrhggAX_AkFwGxRfqFw\/featured?view_as=subscriber"]},{"@type":"Person","@id":"https:\/\/emob-italia.it\/#\/schema\/person\/e96f2fe472d4dcca75c9ca51f8951bc5","name":"Nadia Paglia","image":{"@type":"ImageObject","inLanguage":"en-US","@id":"https:\/\/emob-italia.it\/#\/schema\/person\/image\/","url":"https:\/\/secure.gravatar.com\/avatar\/02e0cd654df2106544e1a6f3ee921a91?s=96&r=g","contentUrl":"https:\/\/secure.gravatar.com\/avatar\/02e0cd654df2106544e1a6f3ee921a91?s=96&r=g","caption":"Nadia Paglia"},"url":"https:\/\/emob-italia.it\/en\/author\/nadia-paglia\/"}]}},"_links":{"self":[{"href":"https:\/\/emob-italia.it\/en\/wp-json\/wp\/v2\/posts\/49854"}],"collection":[{"href":"https:\/\/emob-italia.it\/en\/wp-json\/wp\/v2\/posts"}],"about":[{"href":"https:\/\/emob-italia.it\/en\/wp-json\/wp\/v2\/types\/post"}],"author":[{"embeddable":true,"href":"https:\/\/emob-italia.it\/en\/wp-json\/wp\/v2\/users\/2"}],"replies":[{"embeddable":true,"href":"https:\/\/emob-italia.it\/en\/wp-json\/wp\/v2\/comments?post=49854"}],"version-history":[{"count":1,"href":"https:\/\/emob-italia.it\/en\/wp-json\/wp\/v2\/posts\/49854\/revisions"}],"predecessor-version":[{"id":64007,"href":"https:\/\/emob-italia.it\/en\/wp-json\/wp\/v2\/posts\/49854\/revisions\/64007"}],"wp:featuredmedia":[{"embeddable":true,"href":"https:\/\/emob-italia.it\/en\/wp-json\/wp\/v2\/media\/51737"}],"wp:attachment":[{"href":"https:\/\/emob-italia.it\/en\/wp-json\/wp\/v2\/media?parent=49854"}],"wp:term":[{"taxonomy":"category","embeddable":true,"href":"https:\/\/emob-italia.it\/en\/wp-json\/wp\/v2\/categories?post=49854"},{"taxonomy":"post_tag","embeddable":true,"href":"https:\/\/emob-italia.it\/en\/wp-json\/wp\/v2\/tags?post=49854"}],"curies":[{"name":"wp","href":"https:\/\/api.w.org\/{rel}","templated":true}]}}