{"id":49849,"date":"2018-06-26T12:56:44","date_gmt":"2018-06-26T12:56:44","guid":{"rendered":"https:\/\/emob2018.it\/?p=49849"},"modified":"2024-03-04T19:59:41","modified_gmt":"2024-03-04T18:59:41","slug":"al-via-la-2-edizione-della-conferenza-nazionale-della-mobilita-elettrica","status":"publish","type":"post","link":"https:\/\/emob-italia.it\/en\/2018\/06\/26\/al-via-la-2-edizione-della-conferenza-nazionale-della-mobilita-elettrica\/","title":{"rendered":"Al via la 2\u00b0 edizione della Conferenza Nazionale della Mobilit\u00e0 Elettrica"},"content":{"rendered":"<p>[et_pb_section bb_built=&#8221;1&#8243; admin_label=&#8221;section&#8221; _builder_version=&#8221;3.0.47&#8243;][et_pb_row admin_label=&#8221;row&#8221; _builder_version=&#8221;3.0.48&#8243; background_size=&#8221;initial&#8221; background_position=&#8221;top_left&#8221; background_repeat=&#8221;repeat&#8221;][et_pb_column type=&#8221;4_4&#8243;][et_pb_text admin_label=&#8221;Text&#8221; _builder_version=&#8221;3.15&#8243; background_size=&#8221;initial&#8221; background_position=&#8221;top_left&#8221; background_repeat=&#8221;repeat&#8221; header_5_font=&#8221;|||on|||||&#8221; header_5_line_height=&#8221;1.7em&#8221;]<\/p>\n<div class=\"page\" title=\"Page 1\">\n<div class=\"layoutArea\">\n<div class=\"column\">\n<h5 style=\"text-align: center;\"><b>27, 28 e 29 settembre al via la 2\u00b0 edizione della Conferenza Nazionale della Mobilit\u00e0 Elettrica,\u00a0<\/b><b>Palazzo Lombardia<\/b><b>, Milano<\/b><\/h5>\n<\/div>\n<\/div>\n<\/div>\n<p><span style=\"font-weight: 400;\">(26 giugno 2018)\u00a0<\/span><b>La mobilit\u00e0 elettrica migliora la qualit\u00e0 della vita nei centri urbani.<\/b><span style=\"font-weight: 400;\">\u00a0Se ne parler\u00e0 durante\u00a0<\/span><b>la 2\u00b0 edizione di\u00a0<\/b><a href=\"https:\/\/emob2018.it\/\"><b>e_mob Conferenza Nazionale della Mobilit\u00e0 Elettrica<\/b><\/a><span style=\"font-weight: 400;\">,\u00a0in<\/span><b>\u00a0<\/b><span style=\"font-weight: 400;\">programma dal 27 al 29 settembre 2018.<\/span><br \/>\n<span style=\"font-weight: 400;\">La conferenza anche quest\u2019anno resta a Milano ma si trasferisce dal Castello Sforzesco a\u00a0<\/span><b>Palazzo Lombardia<\/b><span style=\"font-weight: 400;\">, sede della Giunta Regionale, riprendendo il cammino che l\u2019anno scorso ha attirato oltre\u00a0<\/span><b>12.000 visitatori<\/b><span style=\"font-weight: 400;\">\u00a0e pi\u00f9 di\u00a0<\/span><b>1.000 persone<\/b><span style=\"font-weight: 400;\">\u00a0a seguire convegni e seminari tenuti da\u00a0<\/span><b>120 relatori<\/b><span style=\"font-weight: 400;\">.<\/span><\/p>\n<h5><\/h5>\n<h5 style=\"text-align: center;\"><b>Tre giorni per la Condivisione, diffusione e adesione alla mobilit\u00e0 elettrica<\/b><\/h5>\n<p><span style=\"font-weight: 400;\">Le parole chiave della tre giorni 2018 sono\u00a0<\/span><b>Condivisione e Diffusione<\/b><span style=\"font-weight: 400;\">.<\/span><br \/>\n<span style=\"font-weight: 400;\">La\u00a0<\/span><b>Condivisione<\/b><span style=\"font-weight: 400;\">\u00a0intesa come estensione e adesione al messaggio della mobilit\u00e0 elettrica come soluzione efficace per la sostenibilit\u00e0 ambientale.<\/span><br \/>\n<span style=\"font-weight: 400;\">Un\u2019esigenza ormai imprescindibile per l\u2019Italia, dove, secondo\u00a0l\u2019Agenzia Europea dell\u2019Ambiente,\u00a0l\u2019inquinamento atmosferico \u00e8 tra le cause di decesso prematuro per le elevate concentrazioni di particolato, biossido di azoto e dell\u2019ozono a livello del suolo.\u00a0In\u00a039 capoluoghi di provincia italiani si conta almeno una centralina fuorilegge (pi\u00f9 di 35 giorni per le polveri sottili con concentrazioni medie superiori a 50 microgrammi\/metro cubo) con 28 aree in situazione di emergenza ambientale e sanitaria. Ragione, quest\u2019ultima, che ha indotto la\u00a0<\/span><b>Commissione Europea<\/b><span style=\"font-weight: 400;\">\u00a0a deferire<\/span><i><span style=\"font-weight: 400;\">\u00a0<\/span><\/i><span style=\"font-weight: 400;\">l\u2019Italia alla Corte di Giustizia in materia di inquinamento atmosferico con possibili sanzioni fino a un miliardo di euro per mancato adeguamento alle norme anti-smog.<\/span><br \/>\n<span style=\"font-weight: 400;\">Il termine\u00a0<\/span><b>diffusione<\/b><span style=\"font-weight: 400;\">\u00a0si riferisce all\u2019esigenza di ramificare l\u2019infrastruttura di ricarica pubblica con colonnine tradizionali e di nuova generazione per favorire e semplificare l\u2019uso dei veicoli elettrici con modalit\u00e0 di \u201crifornimento\u201d assimilabili con quelle dei mezzi convenzionali.\u00a0Regione Lombardia ha gi\u00e0 fatto in tal senso una serie di investimenti per l&#8217;installazione di nuovi impianti.<\/span><br \/>\n<span style=\"font-weight: 400;\">L\u2019auspicio \u00e8 quello di una rapida conversione del parco circolante pubblico e privato con modelli a batterie, un comparto dove l\u2019Italia segna un netto distacco con altri paesi europei nelle vendite<\/span><span style=\"font-weight: 400;\">: nel 2017 appena 4.827 (su 1.970.497 immatricolazioni) contro 54.617 della Germania, le 47.298 del Regno Unito e le 36.835 della Francia. Ma fanno meglio di noi pure \u201cpiccoli\u201d Paesi come Olanda, Belgio, Svezia (tutte oltre quota 10.000) e la Norvegia che con 62.313 \u00e8 leader continentale del settore.<\/span><\/p>\n<h5><\/h5>\n<h5 style=\"text-align: center;\"><b>27 settembre: la rivoluzione elettrica parte dai campanili<\/b><\/h5>\n<p><span style=\"font-weight: 400;\">L\u2019obiettivo dichiarato dagli organizzatori \u00e8 promuovere azioni concrete a 360 gradi per favorire la rapida\u00a0<\/span><b>diffusione della mobilit\u00e0 elettrica<\/b><span style=\"font-weight: 400;\">.<\/span><br \/>\n<span style=\"font-weight: 400;\">Si parte il 27 settembre con la giornata istituzionale con la presentazione, al cospetto delle pi\u00f9 alte cariche istituzionali nazionali, regionali e comunali della\u00a0<\/span><b>\u201cCarta Metropolitana della Mobilit\u00e0 Elettrica\u201d,\u00a0<\/b><span style=\"font-weight: 400;\">il documento conclusivo dell\u2019edizione 2017 per rendere i Comuni a misura dei veicoli a batterie. Promosso dai Comuni di Milano, Bologna, Firenze, Torino e Varese, \u00e8 oggi sottoscritto da oltre 70 citt\u00e0 italiane che sono aggiornate sulle attivit\u00e0 svolte da altri enti e possono condividere le proprie iniziative a sostegno degli spostamenti a emissioni zero di persone e merci.<\/span><br \/>\n<span style=\"font-weight: 400;\">Una risorsa utile che sar\u00e0 aggiornata con le proposte portate dagli oltre 150 amministratori comunali attesi alla rassegna milanese e dai suggerimenti provenienti dal comitato promotore per agevolare l\u2019applicazione delle buone pratiche elettriche. Una mobilitazione dal basso di un \u201cnetwork virtuoso\u201d che vuole essere un traino per contribuire a liberare il Paese\u00a0dall\u2019impatto disastroso delle polveri sottili nelle aree urbane.<\/span><\/p>\n<h5><\/h5>\n<h5 style=\"text-align: center;\"><b>28 settembre: workshop operativi per un futuro pulito<\/b><\/h5>\n<p><span style=\"font-weight: 400;\">Il 28 settembre \u00e8 in programma la\u00a0<\/span><b>giornata tecnico-scientifica<\/b><span style=\"font-weight: 400;\">\u00a0con i responsabili di atenei, associazioni, centri di ricerca e di un qualificato comitato scientifico ad illustrare e definire le soluzioni pi\u00f9 efficaci per migliorare la qualit\u00e0 dell\u2019aria delle nostre citt\u00e0.<\/span><br \/>\n<span style=\"font-weight: 400;\">Tra i temi dibattuti nei convegni ci saranno l\u2019analisi dei costi di \u201crifornimento\u201d e delle modalit\u00e0 di pagamento in Europa, nonch\u00e9 la disamina di norme e regolamenti comunali per consentire il diritto alla ricarica pubblica e privata.<\/span><br \/>\n<span style=\"font-weight: 400;\">Altre tematiche affrontate riguarderanno la logistica urbana con veicoli a zero emissioni, le proposte di condivisione dei mezzi di trasporto e le soluzioni per sfruttare le batterie dei veicoli elettrici come supporto alla rete energetica e per garantire un corretto riutilizzo o riciclo degli accumulatori a fine vita. Previsti pure workshop operativi con l\u2019obiettivo di definire le proposte per lo sviluppo della mobilit\u00e0 sostenibile da sottoporre ai rappresentanti del Governo che saranno presenti alla Conferenza nazionale \u00a0<\/span><\/p>\n<h5><\/h5>\n<h5 style=\"text-align: center;\"><b>29 settembre: si chiude con il raduno elettrico e i test drive<\/b><\/h5>\n<p><span style=\"font-weight: 400;\">La giornata conclusiva di sabato 29 settembre \u00e8 all\u2019insegna della\u00a0<\/span><b>condivisione della cultura elettrica<\/b><span style=\"font-weight: 400;\">\u00a0con il grande pubblico.<\/span><br \/>\n<span style=\"font-weight: 400;\">Nelle sale di Palazzo Lombardia si potr\u00e0 dialogare con esperti e possessori di veicoli elettrici per scoprire i modelli elettrici che verranno, gli incentivi diretti e indiretti disponibili, le modalit\u00e0 di ricarica e i vantaggi del guidare con la \u201cscossa\u201d.<\/span><\/p>\n<p style=\"text-align: left;\"><span style=\"font-weight: 400;\">Nella piazza interna e nelle aree adiacenti alla sede della Regione ci sar\u00e0 la possibilit\u00e0 di ammirare le 500 vetture a emissioni zero attese per il raduno nazionale e i veicoli esposti dai costruttori, compresi quelli nautici e<\/span><span style=\"font-weight: 400;\">\u00a0<\/span><span style=\"font-weight: 400;\">agricoli. Ma si potr\u00e0 pure accedere ai test drive di auto, moto, scooter e bici a pedalata assistita per provare di prima persona il piacere di viaggiare in silenzio nel rispetto dell\u2019ambiente e della salute.<\/span><\/p>\n<p>[\/et_pb_text][et_pb_text _builder_version=&#8221;3.15&#8243;]<br \/>\n<strong>Comitato promotore<\/strong><br \/>\nComune di Milano, Regione Lombardia, Camera di commercio Milano Monza Brianza Lodi, a2a, Class Onlus, Cobat, Gruppo Hera, Enel Edison, Itas Assicurazioni<br \/>\n<strong>Comitato scientifico<\/strong><br \/>\nRSE Ricerca Sistema Energetico, Ancma, Agenzia Mobilit\u00e0 Ambiente Territorio, Utilitalia, ATM Milano, Adiconsum, Asstra, Elettricit\u00e0 Futura, Amsa, Cei Cives<br \/>\n<strong>Patrocini<\/strong><br \/>\nMinistero dell\u2019Ambiente e della Tutela del Territorio e del Mare, Anci<br \/>\n<strong>Citt\u00e0 promotrici della Carta della Mobilit\u00e0 Elettrica<\/strong><br \/>\nMilano, Torino, Firenze, Varese, Bologna<br \/>\n[\/et_pb_text][\/et_pb_column][\/et_pb_row][\/et_pb_section]<\/p>\n","protected":false},"excerpt":{"rendered":"<p>27, 28 e 29 settembre al via la 2\u00b0 edizione della Conferenza Nazionale della Mobilit\u00e0 Elettrica,\u00a0Palazzo Lombardia, Milano (26 giugno 2018)\u00a0La mobilit\u00e0 elettrica migliora la qualit\u00e0 della vita nei centri urbani.\u00a0Se ne parler\u00e0 durante\u00a0la 2\u00b0 edizione di\u00a0e_mob Conferenza Nazionale della Mobilit\u00e0 Elettrica,\u00a0in\u00a0programma dal 27 al 29 settembre 2018. La conferenza anche quest\u2019anno resta a Milano [&hellip;]<\/p>\n","protected":false},"author":2,"featured_media":51743,"comment_status":"open","ping_status":"open","sticky":false,"template":"","format":"standard","meta":{"_et_pb_use_builder":"on","_et_pb_old_content":"","_et_gb_content_width":"","_exactmetrics_skip_tracking":false,"_exactmetrics_sitenote_active":false,"_exactmetrics_sitenote_note":"","_exactmetrics_sitenote_category":0,"footnotes":""},"categories":[27,335],"tags":[165],"yoast_head":"<!-- This site is optimized with the Yoast SEO plugin v22.9 - https:\/\/yoast.com\/wordpress\/plugins\/seo\/ -->\n<title>Al via la 2\u00b0 edizione della Conferenza Nazionale della Mobilit\u00e0 Elettrica &#8226; e_mob<\/title>\n<meta name=\"description\" content=\"e_mob \u00e8 il tavolo permanente degli stakeholder della mobilit\u00e0 elettrica in Italia. Organizza ogni anno a Milano la Conferenza Nazionale del settore, nel 2021 in programma dal 16 al 19 ottobre.\" \/>\n<meta name=\"robots\" content=\"index, follow, max-snippet:-1, max-image-preview:large, max-video-preview:-1\" \/>\n<link rel=\"canonical\" href=\"https:\/\/emob-italia.it\/2018\/06\/26\/al-via-la-2-edizione-della-conferenza-nazionale-della-mobilita-elettrica\/\" \/>\n<meta property=\"og:locale\" content=\"en_US\" \/>\n<meta property=\"og:type\" content=\"article\" \/>\n<meta property=\"og:title\" content=\"Al via la 2\u00b0 edizione della Conferenza Nazionale della Mobilit\u00e0 Elettrica &#8226; e_mob\" \/>\n<meta property=\"og:description\" content=\"e_mob \u00e8 il tavolo permanente degli stakeholder della mobilit\u00e0 elettrica in Italia. Organizza ogni anno a Milano la Conferenza Nazionale del settore, nel 2021 in programma dal 16 al 19 ottobre.\" \/>\n<meta property=\"og:url\" content=\"https:\/\/emob-italia.it\/2018\/06\/26\/al-via-la-2-edizione-della-conferenza-nazionale-della-mobilita-elettrica\/\" \/>\n<meta property=\"og:site_name\" content=\"e_mob\" \/>\n<meta property=\"article:publisher\" content=\"https:\/\/www.facebook.com\/emobitalia\/\" \/>\n<meta property=\"article:published_time\" content=\"2018-06-26T12:56:44+00:00\" \/>\n<meta property=\"article:modified_time\" content=\"2024-03-04T18:59:41+00:00\" \/>\n<meta property=\"og:image\" content=\"https:\/\/emob-italia.it\/wp-content\/uploads\/2018\/06\/Comunicato-02.jpg\" \/>\n\t<meta property=\"og:image:width\" content=\"1200\" \/>\n\t<meta property=\"og:image:height\" content=\"630\" \/>\n\t<meta property=\"og:image:type\" content=\"image\/jpeg\" \/>\n<meta name=\"author\" content=\"Nadia Paglia\" \/>\n<meta name=\"twitter:label1\" content=\"Written by\" \/>\n\t<meta name=\"twitter:data1\" content=\"Nadia Paglia\" \/>\n\t<meta name=\"twitter:label2\" content=\"Est. reading time\" \/>\n\t<meta name=\"twitter:data2\" content=\"5 minutes\" \/>\n<script type=\"application\/ld+json\" class=\"yoast-schema-graph\">{\"@context\":\"https:\/\/schema.org\",\"@graph\":[{\"@type\":\"Article\",\"@id\":\"https:\/\/emob-italia.it\/2018\/06\/26\/al-via-la-2-edizione-della-conferenza-nazionale-della-mobilita-elettrica\/#article\",\"isPartOf\":{\"@id\":\"https:\/\/emob-italia.it\/2018\/06\/26\/al-via-la-2-edizione-della-conferenza-nazionale-della-mobilita-elettrica\/\"},\"author\":{\"name\":\"Nadia Paglia\",\"@id\":\"https:\/\/emob-italia.it\/#\/schema\/person\/e96f2fe472d4dcca75c9ca51f8951bc5\"},\"headline\":\"Al via la 2\u00b0 edizione della Conferenza Nazionale della Mobilit\u00e0 Elettrica\",\"datePublished\":\"2018-06-26T12:56:44+00:00\",\"dateModified\":\"2024-03-04T18:59:41+00:00\",\"mainEntityOfPage\":{\"@id\":\"https:\/\/emob-italia.it\/2018\/06\/26\/al-via-la-2-edizione-della-conferenza-nazionale-della-mobilita-elettrica\/\"},\"wordCount\":1001,\"commentCount\":0,\"publisher\":{\"@id\":\"https:\/\/emob-italia.it\/#organization\"},\"image\":{\"@id\":\"https:\/\/emob-italia.it\/2018\/06\/26\/al-via-la-2-edizione-della-conferenza-nazionale-della-mobilita-elettrica\/#primaryimage\"},\"thumbnailUrl\":\"https:\/\/emob-italia.it\/wp-content\/uploads\/2018\/06\/Comunicato-02.jpg\",\"keywords\":[\"emob\"],\"articleSection\":[\"Comunicati stampa\",\"Giugno 2018\"],\"inLanguage\":\"en-US\",\"potentialAction\":[{\"@type\":\"CommentAction\",\"name\":\"Comment\",\"target\":[\"https:\/\/emob-italia.it\/2018\/06\/26\/al-via-la-2-edizione-della-conferenza-nazionale-della-mobilita-elettrica\/#respond\"]}]},{\"@type\":\"WebPage\",\"@id\":\"https:\/\/emob-italia.it\/2018\/06\/26\/al-via-la-2-edizione-della-conferenza-nazionale-della-mobilita-elettrica\/\",\"url\":\"https:\/\/emob-italia.it\/2018\/06\/26\/al-via-la-2-edizione-della-conferenza-nazionale-della-mobilita-elettrica\/\",\"name\":\"Al via la 2\u00b0 edizione della Conferenza Nazionale della Mobilit\u00e0 Elettrica &#8226; e_mob\",\"isPartOf\":{\"@id\":\"https:\/\/emob-italia.it\/#website\"},\"primaryImageOfPage\":{\"@id\":\"https:\/\/emob-italia.it\/2018\/06\/26\/al-via-la-2-edizione-della-conferenza-nazionale-della-mobilita-elettrica\/#primaryimage\"},\"image\":{\"@id\":\"https:\/\/emob-italia.it\/2018\/06\/26\/al-via-la-2-edizione-della-conferenza-nazionale-della-mobilita-elettrica\/#primaryimage\"},\"thumbnailUrl\":\"https:\/\/emob-italia.it\/wp-content\/uploads\/2018\/06\/Comunicato-02.jpg\",\"datePublished\":\"2018-06-26T12:56:44+00:00\",\"dateModified\":\"2024-03-04T18:59:41+00:00\",\"description\":\"e_mob \u00e8 il tavolo permanente degli stakeholder della mobilit\u00e0 elettrica in Italia. Organizza ogni anno a Milano la Conferenza Nazionale del settore, nel 2021 in programma dal 16 al 19 ottobre.\",\"breadcrumb\":{\"@id\":\"https:\/\/emob-italia.it\/2018\/06\/26\/al-via-la-2-edizione-della-conferenza-nazionale-della-mobilita-elettrica\/#breadcrumb\"},\"inLanguage\":\"en-US\",\"potentialAction\":[{\"@type\":\"ReadAction\",\"target\":[\"https:\/\/emob-italia.it\/2018\/06\/26\/al-via-la-2-edizione-della-conferenza-nazionale-della-mobilita-elettrica\/\"]}]},{\"@type\":\"ImageObject\",\"inLanguage\":\"en-US\",\"@id\":\"https:\/\/emob-italia.it\/2018\/06\/26\/al-via-la-2-edizione-della-conferenza-nazionale-della-mobilita-elettrica\/#primaryimage\",\"url\":\"https:\/\/emob-italia.it\/wp-content\/uploads\/2018\/06\/Comunicato-02.jpg\",\"contentUrl\":\"https:\/\/emob-italia.it\/wp-content\/uploads\/2018\/06\/Comunicato-02.jpg\",\"width\":1200,\"height\":630},{\"@type\":\"BreadcrumbList\",\"@id\":\"https:\/\/emob-italia.it\/2018\/06\/26\/al-via-la-2-edizione-della-conferenza-nazionale-della-mobilita-elettrica\/#breadcrumb\",\"itemListElement\":[{\"@type\":\"ListItem\",\"position\":1,\"name\":\"Home\",\"item\":\"https:\/\/emob-italia.it\/en\/\"},{\"@type\":\"ListItem\",\"position\":2,\"name\":\"Al via la 2\u00b0 edizione della Conferenza Nazionale della Mobilit\u00e0 Elettrica\"}]},{\"@type\":\"WebSite\",\"@id\":\"https:\/\/emob-italia.it\/#website\",\"url\":\"https:\/\/emob-italia.it\/\",\"name\":\"e_mob\",\"description\":\"Mobilit\u00e0 Elettrica\",\"publisher\":{\"@id\":\"https:\/\/emob-italia.it\/#organization\"},\"potentialAction\":[{\"@type\":\"SearchAction\",\"target\":{\"@type\":\"EntryPoint\",\"urlTemplate\":\"https:\/\/emob-italia.it\/?s={search_term_string}\"},\"query-input\":\"required name=search_term_string\"}],\"inLanguage\":\"en-US\"},{\"@type\":\"Organization\",\"@id\":\"https:\/\/emob-italia.it\/#organization\",\"name\":\"Class Onlus\",\"url\":\"https:\/\/emob-italia.it\/\",\"logo\":{\"@type\":\"ImageObject\",\"inLanguage\":\"en-US\",\"@id\":\"https:\/\/emob-italia.it\/#\/schema\/logo\/image\/\",\"url\":\"https:\/\/emob-italia.it\/wp-content\/uploads\/2019\/03\/0_CLASS-ONLUS-logo-web.png\",\"contentUrl\":\"https:\/\/emob-italia.it\/wp-content\/uploads\/2019\/03\/0_CLASS-ONLUS-logo-web.png\",\"width\":598,\"height\":202,\"caption\":\"Class Onlus\"},\"image\":{\"@id\":\"https:\/\/emob-italia.it\/#\/schema\/logo\/image\/\"},\"sameAs\":[\"https:\/\/www.facebook.com\/emobitalia\/\",\"https:\/\/www.instagram.com\/e_mob_italia\/\",\"https:\/\/www.linkedin.com\/groups\/12186185\/\",\"https:\/\/www.youtube.com\/channel\/UCvnTcrhggAX_AkFwGxRfqFw\/featured?view_as=subscriber\"]},{\"@type\":\"Person\",\"@id\":\"https:\/\/emob-italia.it\/#\/schema\/person\/e96f2fe472d4dcca75c9ca51f8951bc5\",\"name\":\"Nadia Paglia\",\"image\":{\"@type\":\"ImageObject\",\"inLanguage\":\"en-US\",\"@id\":\"https:\/\/emob-italia.it\/#\/schema\/person\/image\/\",\"url\":\"https:\/\/secure.gravatar.com\/avatar\/02e0cd654df2106544e1a6f3ee921a91?s=96&r=g\",\"contentUrl\":\"https:\/\/secure.gravatar.com\/avatar\/02e0cd654df2106544e1a6f3ee921a91?s=96&r=g\",\"caption\":\"Nadia Paglia\"},\"url\":\"https:\/\/emob-italia.it\/en\/author\/nadia-paglia\/\"}]}<\/script>\n<!-- \/ Yoast SEO plugin. -->","yoast_head_json":{"title":"Al via la 2\u00b0 edizione della Conferenza Nazionale della Mobilit\u00e0 Elettrica &#8226; e_mob","description":"e_mob \u00e8 il tavolo permanente degli stakeholder della mobilit\u00e0 elettrica in Italia. Organizza ogni anno a Milano la Conferenza Nazionale del settore, nel 2021 in programma dal 16 al 19 ottobre.","robots":{"index":"index","follow":"follow","max-snippet":"max-snippet:-1","max-image-preview":"max-image-preview:large","max-video-preview":"max-video-preview:-1"},"canonical":"https:\/\/emob-italia.it\/2018\/06\/26\/al-via-la-2-edizione-della-conferenza-nazionale-della-mobilita-elettrica\/","og_locale":"en_US","og_type":"article","og_title":"Al via la 2\u00b0 edizione della Conferenza Nazionale della Mobilit\u00e0 Elettrica &#8226; e_mob","og_description":"e_mob \u00e8 il tavolo permanente degli stakeholder della mobilit\u00e0 elettrica in Italia. Organizza ogni anno a Milano la Conferenza Nazionale del settore, nel 2021 in programma dal 16 al 19 ottobre.","og_url":"https:\/\/emob-italia.it\/2018\/06\/26\/al-via-la-2-edizione-della-conferenza-nazionale-della-mobilita-elettrica\/","og_site_name":"e_mob","article_publisher":"https:\/\/www.facebook.com\/emobitalia\/","article_published_time":"2018-06-26T12:56:44+00:00","article_modified_time":"2024-03-04T18:59:41+00:00","og_image":[{"width":1200,"height":630,"url":"https:\/\/emob-italia.it\/wp-content\/uploads\/2018\/06\/Comunicato-02.jpg","type":"image\/jpeg"}],"author":"Nadia Paglia","twitter_misc":{"Written by":"Nadia Paglia","Est. reading time":"5 minutes"},"schema":{"@context":"https:\/\/schema.org","@graph":[{"@type":"Article","@id":"https:\/\/emob-italia.it\/2018\/06\/26\/al-via-la-2-edizione-della-conferenza-nazionale-della-mobilita-elettrica\/#article","isPartOf":{"@id":"https:\/\/emob-italia.it\/2018\/06\/26\/al-via-la-2-edizione-della-conferenza-nazionale-della-mobilita-elettrica\/"},"author":{"name":"Nadia Paglia","@id":"https:\/\/emob-italia.it\/#\/schema\/person\/e96f2fe472d4dcca75c9ca51f8951bc5"},"headline":"Al via la 2\u00b0 edizione della Conferenza Nazionale della Mobilit\u00e0 Elettrica","datePublished":"2018-06-26T12:56:44+00:00","dateModified":"2024-03-04T18:59:41+00:00","mainEntityOfPage":{"@id":"https:\/\/emob-italia.it\/2018\/06\/26\/al-via-la-2-edizione-della-conferenza-nazionale-della-mobilita-elettrica\/"},"wordCount":1001,"commentCount":0,"publisher":{"@id":"https:\/\/emob-italia.it\/#organization"},"image":{"@id":"https:\/\/emob-italia.it\/2018\/06\/26\/al-via-la-2-edizione-della-conferenza-nazionale-della-mobilita-elettrica\/#primaryimage"},"thumbnailUrl":"https:\/\/emob-italia.it\/wp-content\/uploads\/2018\/06\/Comunicato-02.jpg","keywords":["emob"],"articleSection":["Comunicati stampa","Giugno 2018"],"inLanguage":"en-US","potentialAction":[{"@type":"CommentAction","name":"Comment","target":["https:\/\/emob-italia.it\/2018\/06\/26\/al-via-la-2-edizione-della-conferenza-nazionale-della-mobilita-elettrica\/#respond"]}]},{"@type":"WebPage","@id":"https:\/\/emob-italia.it\/2018\/06\/26\/al-via-la-2-edizione-della-conferenza-nazionale-della-mobilita-elettrica\/","url":"https:\/\/emob-italia.it\/2018\/06\/26\/al-via-la-2-edizione-della-conferenza-nazionale-della-mobilita-elettrica\/","name":"Al via la 2\u00b0 edizione della Conferenza Nazionale della Mobilit\u00e0 Elettrica &#8226; e_mob","isPartOf":{"@id":"https:\/\/emob-italia.it\/#website"},"primaryImageOfPage":{"@id":"https:\/\/emob-italia.it\/2018\/06\/26\/al-via-la-2-edizione-della-conferenza-nazionale-della-mobilita-elettrica\/#primaryimage"},"image":{"@id":"https:\/\/emob-italia.it\/2018\/06\/26\/al-via-la-2-edizione-della-conferenza-nazionale-della-mobilita-elettrica\/#primaryimage"},"thumbnailUrl":"https:\/\/emob-italia.it\/wp-content\/uploads\/2018\/06\/Comunicato-02.jpg","datePublished":"2018-06-26T12:56:44+00:00","dateModified":"2024-03-04T18:59:41+00:00","description":"e_mob \u00e8 il tavolo permanente degli stakeholder della mobilit\u00e0 elettrica in Italia. Organizza ogni anno a Milano la Conferenza Nazionale del settore, nel 2021 in programma dal 16 al 19 ottobre.","breadcrumb":{"@id":"https:\/\/emob-italia.it\/2018\/06\/26\/al-via-la-2-edizione-della-conferenza-nazionale-della-mobilita-elettrica\/#breadcrumb"},"inLanguage":"en-US","potentialAction":[{"@type":"ReadAction","target":["https:\/\/emob-italia.it\/2018\/06\/26\/al-via-la-2-edizione-della-conferenza-nazionale-della-mobilita-elettrica\/"]}]},{"@type":"ImageObject","inLanguage":"en-US","@id":"https:\/\/emob-italia.it\/2018\/06\/26\/al-via-la-2-edizione-della-conferenza-nazionale-della-mobilita-elettrica\/#primaryimage","url":"https:\/\/emob-italia.it\/wp-content\/uploads\/2018\/06\/Comunicato-02.jpg","contentUrl":"https:\/\/emob-italia.it\/wp-content\/uploads\/2018\/06\/Comunicato-02.jpg","width":1200,"height":630},{"@type":"BreadcrumbList","@id":"https:\/\/emob-italia.it\/2018\/06\/26\/al-via-la-2-edizione-della-conferenza-nazionale-della-mobilita-elettrica\/#breadcrumb","itemListElement":[{"@type":"ListItem","position":1,"name":"Home","item":"https:\/\/emob-italia.it\/en\/"},{"@type":"ListItem","position":2,"name":"Al via la 2\u00b0 edizione della Conferenza Nazionale della Mobilit\u00e0 Elettrica"}]},{"@type":"WebSite","@id":"https:\/\/emob-italia.it\/#website","url":"https:\/\/emob-italia.it\/","name":"e_mob","description":"Mobilit\u00e0 Elettrica","publisher":{"@id":"https:\/\/emob-italia.it\/#organization"},"potentialAction":[{"@type":"SearchAction","target":{"@type":"EntryPoint","urlTemplate":"https:\/\/emob-italia.it\/?s={search_term_string}"},"query-input":"required name=search_term_string"}],"inLanguage":"en-US"},{"@type":"Organization","@id":"https:\/\/emob-italia.it\/#organization","name":"Class Onlus","url":"https:\/\/emob-italia.it\/","logo":{"@type":"ImageObject","inLanguage":"en-US","@id":"https:\/\/emob-italia.it\/#\/schema\/logo\/image\/","url":"https:\/\/emob-italia.it\/wp-content\/uploads\/2019\/03\/0_CLASS-ONLUS-logo-web.png","contentUrl":"https:\/\/emob-italia.it\/wp-content\/uploads\/2019\/03\/0_CLASS-ONLUS-logo-web.png","width":598,"height":202,"caption":"Class Onlus"},"image":{"@id":"https:\/\/emob-italia.it\/#\/schema\/logo\/image\/"},"sameAs":["https:\/\/www.facebook.com\/emobitalia\/","https:\/\/www.instagram.com\/e_mob_italia\/","https:\/\/www.linkedin.com\/groups\/12186185\/","https:\/\/www.youtube.com\/channel\/UCvnTcrhggAX_AkFwGxRfqFw\/featured?view_as=subscriber"]},{"@type":"Person","@id":"https:\/\/emob-italia.it\/#\/schema\/person\/e96f2fe472d4dcca75c9ca51f8951bc5","name":"Nadia Paglia","image":{"@type":"ImageObject","inLanguage":"en-US","@id":"https:\/\/emob-italia.it\/#\/schema\/person\/image\/","url":"https:\/\/secure.gravatar.com\/avatar\/02e0cd654df2106544e1a6f3ee921a91?s=96&r=g","contentUrl":"https:\/\/secure.gravatar.com\/avatar\/02e0cd654df2106544e1a6f3ee921a91?s=96&r=g","caption":"Nadia Paglia"},"url":"https:\/\/emob-italia.it\/en\/author\/nadia-paglia\/"}]}},"_links":{"self":[{"href":"https:\/\/emob-italia.it\/en\/wp-json\/wp\/v2\/posts\/49849"}],"collection":[{"href":"https:\/\/emob-italia.it\/en\/wp-json\/wp\/v2\/posts"}],"about":[{"href":"https:\/\/emob-italia.it\/en\/wp-json\/wp\/v2\/types\/post"}],"author":[{"embeddable":true,"href":"https:\/\/emob-italia.it\/en\/wp-json\/wp\/v2\/users\/2"}],"replies":[{"embeddable":true,"href":"https:\/\/emob-italia.it\/en\/wp-json\/wp\/v2\/comments?post=49849"}],"version-history":[{"count":1,"href":"https:\/\/emob-italia.it\/en\/wp-json\/wp\/v2\/posts\/49849\/revisions"}],"predecessor-version":[{"id":64005,"href":"https:\/\/emob-italia.it\/en\/wp-json\/wp\/v2\/posts\/49849\/revisions\/64005"}],"wp:featuredmedia":[{"embeddable":true,"href":"https:\/\/emob-italia.it\/en\/wp-json\/wp\/v2\/media\/51743"}],"wp:attachment":[{"href":"https:\/\/emob-italia.it\/en\/wp-json\/wp\/v2\/media?parent=49849"}],"wp:term":[{"taxonomy":"category","embeddable":true,"href":"https:\/\/emob-italia.it\/en\/wp-json\/wp\/v2\/categories?post=49849"},{"taxonomy":"post_tag","embeddable":true,"href":"https:\/\/emob-italia.it\/en\/wp-json\/wp\/v2\/tags?post=49849"}],"curies":[{"name":"wp","href":"https:\/\/api.w.org\/{rel}","templated":true}]}}