{"id":48718,"date":"2018-08-28T07:59:53","date_gmt":"2018-08-28T05:59:53","guid":{"rendered":"https:\/\/emob2018.it\/?p=48718"},"modified":"2024-03-04T20:00:10","modified_gmt":"2024-03-04T19:00:10","slug":"boom-di-autoelettriche-grazie-alla-divulgazione-come-emob2018","status":"publish","type":"post","link":"https:\/\/emob-italia.it\/en\/2018\/08\/28\/boom-di-autoelettriche-grazie-alla-divulgazione-come-emob2018\/","title":{"rendered":"Boom di #AutoElettriche grazie alla divulgazione come #emob2018"},"content":{"rendered":"<p>[et_pb_section bb_built=&#8221;1&#8243;][et_pb_row][et_pb_column type=&#8221;4_4&#8243;][et_pb_text _builder_version=&#8221;3.12.2&#8243;]<br \/>\nLa nota del Ministero delle infrastrutture e dei trasporti pi\u00f9 piacevole che abbiamo mai visto! C&#8217;\u00e8 stato il Boom di vendite in Italia a luglio 2018 delle auto elettriche. Si ottengono sempre di pi\u00f9 i vantaggi ambientali(riduzione della CO2) ed un assoluto benessere grazie alla riduzione degli insopportabili rumori cittadini (generatori di stress). (<a href=\"http:\/\/www.mit.gov.it\/comunicazione\/news\/elettrica-mobilita-sostenibilita\/il-futuro-della-mobilita-sostenibile-e-nel\">link ufficiale<\/a>)<br \/>\n<em><strong>23 agosto 2018<\/strong> &#8211;<\/em>\u00a0La transizione verso una mobilit\u00e0 sostenibile con una crescita di modelli ibridi ed in futuro elettrici \u00e8 sicuramente una strada tracciata. Lo confermano i dati dell\u2019ultimo rapporto dell&#8217;Unione Nazionale Rappresentanti Autoveicoli Esteri (Unrae), calcolato sui numeri ufficiali del Ministero delle Infrastrutture e dei Trasporti e relativi al mercato delle immatricolazioni in Italia. A luglio le vendite delle auto elettriche hanno stabilito un record: +340% rispetto al mese precedente e una quota sul totale pari allo 0,4% con 2.906 unit\u00e0 negli ultimi sette mesi.<br \/>\nAnche i dati di vendita delle auto ibride, con un +47% rispetto a giugno e una quota di mercato ormai pari al 4,1%, confermano l\u2019avvio di un processo virtuoso\u00a0 per consegnare all\u2019Italia un futuro in cui i mezzi di trasporto siano il pi\u00f9 possibile a basso impatto.<br \/>\nSi tratta di un&#8217;accelerazione. Il Ministero intende contribuire in modo concreto alla realizzazione degli obiettivi definiti dagli accordi di Parigi. L\u2019uso di vetture alimentate con energia elettrica al posto dei combustibili fossili permette infatti di ridurre la produzione di CO2, aiutando a mantenere l\u2019aria delle citt\u00e0 pi\u00f9 salubre e pulita.<br \/>\nPer supportare questa evoluzione, \u00e8 necessario sviluppare un sistema di infrastrutture intelligenti per la ricarica di veicoli elettrici, gestiti con le pi\u00f9 avanzate tecnologie informatiche per il controllo e la gestione remota. Ad oggi, l\u2019European Alternative Fuels Observatory calcola la presenza su suolo italiano di 3124 colonnine di ricarica normale e rapida, un aumento del 14% rispetto al 2017.<br \/>\nIl Mit si sta dando da fare per aumentare notevolmente questo dato. Il 20 giugno scorso \u00e8 stato firmato l\u2019Accordo di programma tra Ministero delle Infrastrutture e Regioni\u00a0per l\u2019installazione delle colonnine di ricarica per le auto elettriche. Gli interventi assorbiranno in totale 72,2 milioni di euro e il Ministero delle Infrastrutture offrir\u00e0 un cofinanziamento complessivo pari a 27,7 milioni di euro.<br \/>\n[\/et_pb_text][\/et_pb_column][\/et_pb_row][\/et_pb_section]<\/p>\n","protected":false},"excerpt":{"rendered":"<p>La nota del Ministero delle infrastrutture e dei trasporti pi\u00f9 piacevole che abbiamo mai visto! C&#8217;\u00e8 stato il Boom di vendite in Italia a luglio 2018 delle auto elettriche. Si ottengono sempre di pi\u00f9 i vantaggi ambientali(riduzione della CO2) ed un assoluto benessere grazie alla riduzione degli insopportabili rumori cittadini (generatori di stress).<\/p>\n","protected":false},"author":2,"featured_media":51725,"comment_status":"open","ping_status":"open","sticky":false,"template":"","format":"standard","meta":{"_et_pb_use_builder":"on","_et_pb_old_content":"","_et_gb_content_width":"","_exactmetrics_skip_tracking":false,"_exactmetrics_sitenote_active":false,"_exactmetrics_sitenote_note":"","_exactmetrics_sitenote_category":0,"footnotes":""},"categories":[15,333,20,26],"tags":[41,165,42,10,11],"yoast_head":"<!-- This site is optimized with the Yoast SEO plugin v22.9 - https:\/\/yoast.com\/wordpress\/plugins\/seo\/ -->\n<title>Boom di #AutoElettriche grazie alla divulgazione come #emob2018 &#8226; e_mob<\/title>\n<meta name=\"description\" content=\"e_mob \u00e8 il tavolo permanente degli stakeholder della mobilit\u00e0 elettrica in Italia. Organizza ogni anno a Milano la Conferenza Nazionale del settore, nel 2021 in programma dal 16 al 19 ottobre.\" \/>\n<meta name=\"robots\" content=\"index, follow, max-snippet:-1, max-image-preview:large, max-video-preview:-1\" \/>\n<link rel=\"canonical\" href=\"https:\/\/emob-italia.it\/2018\/08\/28\/boom-di-autoelettriche-grazie-alla-divulgazione-come-emob2018\/\" \/>\n<meta property=\"og:locale\" content=\"en_US\" \/>\n<meta property=\"og:type\" content=\"article\" \/>\n<meta property=\"og:title\" content=\"Boom di #AutoElettriche grazie alla divulgazione come #emob2018 &#8226; e_mob\" \/>\n<meta property=\"og:description\" content=\"e_mob \u00e8 il tavolo permanente degli stakeholder della mobilit\u00e0 elettrica in Italia. Organizza ogni anno a Milano la Conferenza Nazionale del settore, nel 2021 in programma dal 16 al 19 ottobre.\" \/>\n<meta property=\"og:url\" content=\"https:\/\/emob-italia.it\/2018\/08\/28\/boom-di-autoelettriche-grazie-alla-divulgazione-come-emob2018\/\" \/>\n<meta property=\"og:site_name\" content=\"e_mob\" \/>\n<meta property=\"article:publisher\" content=\"https:\/\/www.facebook.com\/emobitalia\/\" \/>\n<meta property=\"article:published_time\" content=\"2018-08-28T05:59:53+00:00\" \/>\n<meta property=\"article:modified_time\" content=\"2024-03-04T19:00:10+00:00\" \/>\n<meta property=\"og:image\" content=\"https:\/\/emob-italia.it\/wp-content\/uploads\/2018\/08\/ragazza-ricarica2.jpg\" \/>\n\t<meta property=\"og:image:width\" content=\"1200\" \/>\n\t<meta property=\"og:image:height\" content=\"630\" \/>\n\t<meta property=\"og:image:type\" content=\"image\/jpeg\" \/>\n<meta name=\"author\" content=\"Nadia Paglia\" \/>\n<meta name=\"twitter:label1\" content=\"Written by\" \/>\n\t<meta name=\"twitter:data1\" content=\"Nadia Paglia\" \/>\n\t<meta name=\"twitter:label2\" content=\"Est. reading time\" \/>\n\t<meta name=\"twitter:data2\" content=\"2 minutes\" \/>\n<script type=\"application\/ld+json\" class=\"yoast-schema-graph\">{\"@context\":\"https:\/\/schema.org\",\"@graph\":[{\"@type\":\"Article\",\"@id\":\"https:\/\/emob-italia.it\/2018\/08\/28\/boom-di-autoelettriche-grazie-alla-divulgazione-come-emob2018\/#article\",\"isPartOf\":{\"@id\":\"https:\/\/emob-italia.it\/2018\/08\/28\/boom-di-autoelettriche-grazie-alla-divulgazione-come-emob2018\/\"},\"author\":{\"name\":\"Nadia Paglia\",\"@id\":\"https:\/\/emob-italia.it\/#\/schema\/person\/e96f2fe472d4dcca75c9ca51f8951bc5\"},\"headline\":\"Boom di #AutoElettriche grazie alla divulgazione come #emob2018\",\"datePublished\":\"2018-08-28T05:59:53+00:00\",\"dateModified\":\"2024-03-04T19:00:10+00:00\",\"mainEntityOfPage\":{\"@id\":\"https:\/\/emob-italia.it\/2018\/08\/28\/boom-di-autoelettriche-grazie-alla-divulgazione-come-emob2018\/\"},\"wordCount\":391,\"commentCount\":0,\"publisher\":{\"@id\":\"https:\/\/emob-italia.it\/#organization\"},\"image\":{\"@id\":\"https:\/\/emob-italia.it\/2018\/08\/28\/boom-di-autoelettriche-grazie-alla-divulgazione-come-emob2018\/#primaryimage\"},\"thumbnailUrl\":\"https:\/\/emob-italia.it\/wp-content\/uploads\/2018\/08\/ragazza-ricarica2.jpg\",\"keywords\":[\"CO2\",\"emob\",\"Ministero dei trasporti\",\"mobilit\u00e0 elettrica\",\"Mobilit\u00e0 Sostenibile\"],\"articleSection\":[\"#emob2018\",\"Agosto 2018\",\"Carta Metropolitana dell'Elettromobilit\u00e0\",\"Notizie\"],\"inLanguage\":\"en-US\",\"potentialAction\":[{\"@type\":\"CommentAction\",\"name\":\"Comment\",\"target\":[\"https:\/\/emob-italia.it\/2018\/08\/28\/boom-di-autoelettriche-grazie-alla-divulgazione-come-emob2018\/#respond\"]}]},{\"@type\":\"WebPage\",\"@id\":\"https:\/\/emob-italia.it\/2018\/08\/28\/boom-di-autoelettriche-grazie-alla-divulgazione-come-emob2018\/\",\"url\":\"https:\/\/emob-italia.it\/2018\/08\/28\/boom-di-autoelettriche-grazie-alla-divulgazione-come-emob2018\/\",\"name\":\"Boom di #AutoElettriche grazie alla divulgazione come #emob2018 &#8226; e_mob\",\"isPartOf\":{\"@id\":\"https:\/\/emob-italia.it\/#website\"},\"primaryImageOfPage\":{\"@id\":\"https:\/\/emob-italia.it\/2018\/08\/28\/boom-di-autoelettriche-grazie-alla-divulgazione-come-emob2018\/#primaryimage\"},\"image\":{\"@id\":\"https:\/\/emob-italia.it\/2018\/08\/28\/boom-di-autoelettriche-grazie-alla-divulgazione-come-emob2018\/#primaryimage\"},\"thumbnailUrl\":\"https:\/\/emob-italia.it\/wp-content\/uploads\/2018\/08\/ragazza-ricarica2.jpg\",\"datePublished\":\"2018-08-28T05:59:53+00:00\",\"dateModified\":\"2024-03-04T19:00:10+00:00\",\"description\":\"e_mob \u00e8 il tavolo permanente degli stakeholder della mobilit\u00e0 elettrica in Italia. Organizza ogni anno a Milano la Conferenza Nazionale del settore, nel 2021 in programma dal 16 al 19 ottobre.\",\"breadcrumb\":{\"@id\":\"https:\/\/emob-italia.it\/2018\/08\/28\/boom-di-autoelettriche-grazie-alla-divulgazione-come-emob2018\/#breadcrumb\"},\"inLanguage\":\"en-US\",\"potentialAction\":[{\"@type\":\"ReadAction\",\"target\":[\"https:\/\/emob-italia.it\/2018\/08\/28\/boom-di-autoelettriche-grazie-alla-divulgazione-come-emob2018\/\"]}]},{\"@type\":\"ImageObject\",\"inLanguage\":\"en-US\",\"@id\":\"https:\/\/emob-italia.it\/2018\/08\/28\/boom-di-autoelettriche-grazie-alla-divulgazione-come-emob2018\/#primaryimage\",\"url\":\"https:\/\/emob-italia.it\/wp-content\/uploads\/2018\/08\/ragazza-ricarica2.jpg\",\"contentUrl\":\"https:\/\/emob-italia.it\/wp-content\/uploads\/2018\/08\/ragazza-ricarica2.jpg\",\"width\":1200,\"height\":630},{\"@type\":\"BreadcrumbList\",\"@id\":\"https:\/\/emob-italia.it\/2018\/08\/28\/boom-di-autoelettriche-grazie-alla-divulgazione-come-emob2018\/#breadcrumb\",\"itemListElement\":[{\"@type\":\"ListItem\",\"position\":1,\"name\":\"Home\",\"item\":\"https:\/\/emob-italia.it\/en\/\"},{\"@type\":\"ListItem\",\"position\":2,\"name\":\"Boom di #AutoElettriche grazie alla divulgazione come #emob2018\"}]},{\"@type\":\"WebSite\",\"@id\":\"https:\/\/emob-italia.it\/#website\",\"url\":\"https:\/\/emob-italia.it\/\",\"name\":\"e_mob\",\"description\":\"Mobilit\u00e0 Elettrica\",\"publisher\":{\"@id\":\"https:\/\/emob-italia.it\/#organization\"},\"potentialAction\":[{\"@type\":\"SearchAction\",\"target\":{\"@type\":\"EntryPoint\",\"urlTemplate\":\"https:\/\/emob-italia.it\/?s={search_term_string}\"},\"query-input\":\"required name=search_term_string\"}],\"inLanguage\":\"en-US\"},{\"@type\":\"Organization\",\"@id\":\"https:\/\/emob-italia.it\/#organization\",\"name\":\"Class Onlus\",\"url\":\"https:\/\/emob-italia.it\/\",\"logo\":{\"@type\":\"ImageObject\",\"inLanguage\":\"en-US\",\"@id\":\"https:\/\/emob-italia.it\/#\/schema\/logo\/image\/\",\"url\":\"https:\/\/emob-italia.it\/wp-content\/uploads\/2019\/03\/0_CLASS-ONLUS-logo-web.png\",\"contentUrl\":\"https:\/\/emob-italia.it\/wp-content\/uploads\/2019\/03\/0_CLASS-ONLUS-logo-web.png\",\"width\":598,\"height\":202,\"caption\":\"Class Onlus\"},\"image\":{\"@id\":\"https:\/\/emob-italia.it\/#\/schema\/logo\/image\/\"},\"sameAs\":[\"https:\/\/www.facebook.com\/emobitalia\/\",\"https:\/\/www.instagram.com\/e_mob_italia\/\",\"https:\/\/www.linkedin.com\/groups\/12186185\/\",\"https:\/\/www.youtube.com\/channel\/UCvnTcrhggAX_AkFwGxRfqFw\/featured?view_as=subscriber\"]},{\"@type\":\"Person\",\"@id\":\"https:\/\/emob-italia.it\/#\/schema\/person\/e96f2fe472d4dcca75c9ca51f8951bc5\",\"name\":\"Nadia Paglia\",\"image\":{\"@type\":\"ImageObject\",\"inLanguage\":\"en-US\",\"@id\":\"https:\/\/emob-italia.it\/#\/schema\/person\/image\/\",\"url\":\"https:\/\/secure.gravatar.com\/avatar\/02e0cd654df2106544e1a6f3ee921a91?s=96&r=g\",\"contentUrl\":\"https:\/\/secure.gravatar.com\/avatar\/02e0cd654df2106544e1a6f3ee921a91?s=96&r=g\",\"caption\":\"Nadia Paglia\"},\"url\":\"https:\/\/emob-italia.it\/en\/author\/nadia-paglia\/\"}]}<\/script>\n<!-- \/ Yoast SEO plugin. -->","yoast_head_json":{"title":"Boom di #AutoElettriche grazie alla divulgazione come #emob2018 &#8226; e_mob","description":"e_mob \u00e8 il tavolo permanente degli stakeholder della mobilit\u00e0 elettrica in Italia. Organizza ogni anno a Milano la Conferenza Nazionale del settore, nel 2021 in programma dal 16 al 19 ottobre.","robots":{"index":"index","follow":"follow","max-snippet":"max-snippet:-1","max-image-preview":"max-image-preview:large","max-video-preview":"max-video-preview:-1"},"canonical":"https:\/\/emob-italia.it\/2018\/08\/28\/boom-di-autoelettriche-grazie-alla-divulgazione-come-emob2018\/","og_locale":"en_US","og_type":"article","og_title":"Boom di #AutoElettriche grazie alla divulgazione come #emob2018 &#8226; e_mob","og_description":"e_mob \u00e8 il tavolo permanente degli stakeholder della mobilit\u00e0 elettrica in Italia. Organizza ogni anno a Milano la Conferenza Nazionale del settore, nel 2021 in programma dal 16 al 19 ottobre.","og_url":"https:\/\/emob-italia.it\/2018\/08\/28\/boom-di-autoelettriche-grazie-alla-divulgazione-come-emob2018\/","og_site_name":"e_mob","article_publisher":"https:\/\/www.facebook.com\/emobitalia\/","article_published_time":"2018-08-28T05:59:53+00:00","article_modified_time":"2024-03-04T19:00:10+00:00","og_image":[{"width":1200,"height":630,"url":"https:\/\/emob-italia.it\/wp-content\/uploads\/2018\/08\/ragazza-ricarica2.jpg","type":"image\/jpeg"}],"author":"Nadia Paglia","twitter_misc":{"Written by":"Nadia Paglia","Est. reading time":"2 minutes"},"schema":{"@context":"https:\/\/schema.org","@graph":[{"@type":"Article","@id":"https:\/\/emob-italia.it\/2018\/08\/28\/boom-di-autoelettriche-grazie-alla-divulgazione-come-emob2018\/#article","isPartOf":{"@id":"https:\/\/emob-italia.it\/2018\/08\/28\/boom-di-autoelettriche-grazie-alla-divulgazione-come-emob2018\/"},"author":{"name":"Nadia Paglia","@id":"https:\/\/emob-italia.it\/#\/schema\/person\/e96f2fe472d4dcca75c9ca51f8951bc5"},"headline":"Boom di #AutoElettriche grazie alla divulgazione come #emob2018","datePublished":"2018-08-28T05:59:53+00:00","dateModified":"2024-03-04T19:00:10+00:00","mainEntityOfPage":{"@id":"https:\/\/emob-italia.it\/2018\/08\/28\/boom-di-autoelettriche-grazie-alla-divulgazione-come-emob2018\/"},"wordCount":391,"commentCount":0,"publisher":{"@id":"https:\/\/emob-italia.it\/#organization"},"image":{"@id":"https:\/\/emob-italia.it\/2018\/08\/28\/boom-di-autoelettriche-grazie-alla-divulgazione-come-emob2018\/#primaryimage"},"thumbnailUrl":"https:\/\/emob-italia.it\/wp-content\/uploads\/2018\/08\/ragazza-ricarica2.jpg","keywords":["CO2","emob","Ministero dei trasporti","mobilit\u00e0 elettrica","Mobilit\u00e0 Sostenibile"],"articleSection":["#emob2018","Agosto 2018","Carta Metropolitana dell'Elettromobilit\u00e0","Notizie"],"inLanguage":"en-US","potentialAction":[{"@type":"CommentAction","name":"Comment","target":["https:\/\/emob-italia.it\/2018\/08\/28\/boom-di-autoelettriche-grazie-alla-divulgazione-come-emob2018\/#respond"]}]},{"@type":"WebPage","@id":"https:\/\/emob-italia.it\/2018\/08\/28\/boom-di-autoelettriche-grazie-alla-divulgazione-come-emob2018\/","url":"https:\/\/emob-italia.it\/2018\/08\/28\/boom-di-autoelettriche-grazie-alla-divulgazione-come-emob2018\/","name":"Boom di #AutoElettriche grazie alla divulgazione come #emob2018 &#8226; e_mob","isPartOf":{"@id":"https:\/\/emob-italia.it\/#website"},"primaryImageOfPage":{"@id":"https:\/\/emob-italia.it\/2018\/08\/28\/boom-di-autoelettriche-grazie-alla-divulgazione-come-emob2018\/#primaryimage"},"image":{"@id":"https:\/\/emob-italia.it\/2018\/08\/28\/boom-di-autoelettriche-grazie-alla-divulgazione-come-emob2018\/#primaryimage"},"thumbnailUrl":"https:\/\/emob-italia.it\/wp-content\/uploads\/2018\/08\/ragazza-ricarica2.jpg","datePublished":"2018-08-28T05:59:53+00:00","dateModified":"2024-03-04T19:00:10+00:00","description":"e_mob \u00e8 il tavolo permanente degli stakeholder della mobilit\u00e0 elettrica in Italia. Organizza ogni anno a Milano la Conferenza Nazionale del settore, nel 2021 in programma dal 16 al 19 ottobre.","breadcrumb":{"@id":"https:\/\/emob-italia.it\/2018\/08\/28\/boom-di-autoelettriche-grazie-alla-divulgazione-come-emob2018\/#breadcrumb"},"inLanguage":"en-US","potentialAction":[{"@type":"ReadAction","target":["https:\/\/emob-italia.it\/2018\/08\/28\/boom-di-autoelettriche-grazie-alla-divulgazione-come-emob2018\/"]}]},{"@type":"ImageObject","inLanguage":"en-US","@id":"https:\/\/emob-italia.it\/2018\/08\/28\/boom-di-autoelettriche-grazie-alla-divulgazione-come-emob2018\/#primaryimage","url":"https:\/\/emob-italia.it\/wp-content\/uploads\/2018\/08\/ragazza-ricarica2.jpg","contentUrl":"https:\/\/emob-italia.it\/wp-content\/uploads\/2018\/08\/ragazza-ricarica2.jpg","width":1200,"height":630},{"@type":"BreadcrumbList","@id":"https:\/\/emob-italia.it\/2018\/08\/28\/boom-di-autoelettriche-grazie-alla-divulgazione-come-emob2018\/#breadcrumb","itemListElement":[{"@type":"ListItem","position":1,"name":"Home","item":"https:\/\/emob-italia.it\/en\/"},{"@type":"ListItem","position":2,"name":"Boom di #AutoElettriche grazie alla divulgazione come #emob2018"}]},{"@type":"WebSite","@id":"https:\/\/emob-italia.it\/#website","url":"https:\/\/emob-italia.it\/","name":"e_mob","description":"Mobilit\u00e0 Elettrica","publisher":{"@id":"https:\/\/emob-italia.it\/#organization"},"potentialAction":[{"@type":"SearchAction","target":{"@type":"EntryPoint","urlTemplate":"https:\/\/emob-italia.it\/?s={search_term_string}"},"query-input":"required name=search_term_string"}],"inLanguage":"en-US"},{"@type":"Organization","@id":"https:\/\/emob-italia.it\/#organization","name":"Class Onlus","url":"https:\/\/emob-italia.it\/","logo":{"@type":"ImageObject","inLanguage":"en-US","@id":"https:\/\/emob-italia.it\/#\/schema\/logo\/image\/","url":"https:\/\/emob-italia.it\/wp-content\/uploads\/2019\/03\/0_CLASS-ONLUS-logo-web.png","contentUrl":"https:\/\/emob-italia.it\/wp-content\/uploads\/2019\/03\/0_CLASS-ONLUS-logo-web.png","width":598,"height":202,"caption":"Class Onlus"},"image":{"@id":"https:\/\/emob-italia.it\/#\/schema\/logo\/image\/"},"sameAs":["https:\/\/www.facebook.com\/emobitalia\/","https:\/\/www.instagram.com\/e_mob_italia\/","https:\/\/www.linkedin.com\/groups\/12186185\/","https:\/\/www.youtube.com\/channel\/UCvnTcrhggAX_AkFwGxRfqFw\/featured?view_as=subscriber"]},{"@type":"Person","@id":"https:\/\/emob-italia.it\/#\/schema\/person\/e96f2fe472d4dcca75c9ca51f8951bc5","name":"Nadia Paglia","image":{"@type":"ImageObject","inLanguage":"en-US","@id":"https:\/\/emob-italia.it\/#\/schema\/person\/image\/","url":"https:\/\/secure.gravatar.com\/avatar\/02e0cd654df2106544e1a6f3ee921a91?s=96&r=g","contentUrl":"https:\/\/secure.gravatar.com\/avatar\/02e0cd654df2106544e1a6f3ee921a91?s=96&r=g","caption":"Nadia Paglia"},"url":"https:\/\/emob-italia.it\/en\/author\/nadia-paglia\/"}]}},"_links":{"self":[{"href":"https:\/\/emob-italia.it\/en\/wp-json\/wp\/v2\/posts\/48718"}],"collection":[{"href":"https:\/\/emob-italia.it\/en\/wp-json\/wp\/v2\/posts"}],"about":[{"href":"https:\/\/emob-italia.it\/en\/wp-json\/wp\/v2\/types\/post"}],"author":[{"embeddable":true,"href":"https:\/\/emob-italia.it\/en\/wp-json\/wp\/v2\/users\/2"}],"replies":[{"embeddable":true,"href":"https:\/\/emob-italia.it\/en\/wp-json\/wp\/v2\/comments?post=48718"}],"version-history":[{"count":1,"href":"https:\/\/emob-italia.it\/en\/wp-json\/wp\/v2\/posts\/48718\/revisions"}],"predecessor-version":[{"id":64011,"href":"https:\/\/emob-italia.it\/en\/wp-json\/wp\/v2\/posts\/48718\/revisions\/64011"}],"wp:featuredmedia":[{"embeddable":true,"href":"https:\/\/emob-italia.it\/en\/wp-json\/wp\/v2\/media\/51725"}],"wp:attachment":[{"href":"https:\/\/emob-italia.it\/en\/wp-json\/wp\/v2\/media?parent=48718"}],"wp:term":[{"taxonomy":"category","embeddable":true,"href":"https:\/\/emob-italia.it\/en\/wp-json\/wp\/v2\/categories?post=48718"},{"taxonomy":"post_tag","embeddable":true,"href":"https:\/\/emob-italia.it\/en\/wp-json\/wp\/v2\/tags?post=48718"}],"curies":[{"name":"wp","href":"https:\/\/api.w.org\/{rel}","templated":true}]}}