{"id":48279,"date":"2018-06-25T14:51:25","date_gmt":"2018-06-25T14:51:25","guid":{"rendered":"https:\/\/emob2018.it\/?p=48279"},"modified":"2020-06-03T10:00:20","modified_gmt":"2020-06-03T08:00:20","slug":"stati-generali-della-ricerca-e-dellinnovazione-2018","status":"publish","type":"post","link":"https:\/\/emob-italia.it\/en\/2018\/06\/25\/stati-generali-della-ricerca-e-dellinnovazione-2018\/","title":{"rendered":"Stati Generali della Ricerca e dell&#039;Innovazione 2018"},"content":{"rendered":"<div class=\"date-box data-singola\">\n<div class=\"row\">\n<div class=\"col-sm-6 col-data-il\">\n<h4 class=\"data\" style=\"text-align: center;\"><strong><span class=\"text-data\">26 giugno 2018 d<\/span><\/strong><strong>alle 9:30 alle 12:30<\/strong><\/h4>\n<\/div>\n<\/div>\n<\/div>\n<div class=\"date-dettaglio\">\n<div class=\"row\">\n<div class=\"col-sm-9 date-dettaglio-col\">\n<div class=\"media\">\n<h4 class=\"media-left\" style=\"text-align: center;\"><strong>Palazzo Lombardia (sala Marco Biagi, ingresso N4, piano 1)&nbsp;<span class=\"campo-comune\">Milano<\/span><\/strong><\/h4>\n<div><\/div>\n<\/div>\n<\/div>\n<\/div>\n<\/div>\n<p dir=\"ltr\">Regione Lombardia torna a mettere al centro ricerca e innovazione, come leva decisiva di sviluppo. Lo fa i<strong>l 26 giugno<\/strong>&nbsp;con un evento, gli Stati generali della Ricerca e dell\u2019Innovazione, che sar\u00e0 un\u2019occasione di&nbsp;<strong>confronto sul Programma Strategico Triennale<\/strong>&nbsp;ovvero lo strumento che l\u2019ente regionale si \u00e8 dato per disegnare i possibili percorsi di crescita del territorio.<\/p>\n<p dir=\"ltr\"><strong>Le iscrizioni sono gi\u00e0 aperte sulla piattaforma regionale Open Innovation:&nbsp;<a class=\"external-link\" href=\"http:\/\/www.openinnovation.regione.lombardia.it\/it\/stati-generali#form-registrazione\" target=\"_blank\" rel=\"noopener noreferrer\">http:\/\/www.openinnovation.regione.lombardia.it\/it\/stati-generali#form-registrazione<\/a>&nbsp;<\/strong><\/p>\n<p dir=\"ltr\"><strong>PST E PARTECIPAZIONE<\/strong><\/p>\n<p dir=\"ltr\">Il Programma Strategico Triennale (PST) si articola intorno a 8 Ecosistemi (Nutrizione, Salute e Life Science, Cultura e Conoscenza, Connettivit\u00e0 e Informazione, Smart Mobility e Architecture, Sostenibilit\u00e0 territoriale, Sviluppo Sociale, Manifattura avanzata). Il documento \u00e8 stato anche oggetto di una consultazione aperta su Open Innovation: 1500 cittadini hanno scelto di lasciare un proprio contributo sulle linee di indirizzo del PST.<\/p>\n<p dir=\"ltr\">Cos\u00ec arricchito, il PST si propone come una bussola per orientarsi verso uno sviluppo sostenibile, come uno strumento di analisi ma anche di possibili linee di azione. Obiettivo, progettare come utilizzare al meglio&nbsp;<strong>le tecnologie attuali ed emergenti per migliorare i servizi, le infrastrutture, la mobilit\u00e0, la salute, l\u2019agricoltura.<\/strong>&nbsp;Per incidere insomma&nbsp;<strong>sulla qualit\u00e0 della vita dei cittadini.<\/strong><\/p>\n<p dir=\"ltr\">I contenuti del Programma e i punti salienti delle suggestioni arrivate dal territorio (i bisogni e le priorit\u00e0 di azioni indicati, l\u2019et\u00e0 prevalente di chi ha risposto alla consultazione pubblica, ecc.) verranno dunque illustrati nella mattina del 26 giugno, a&nbsp;<strong>Palazzo Lombardia (sala Marco Biagi, ingresso N4, piano 1, dalle 9.30 alle 12.30).<\/strong><\/p>\n<p dir=\"ltr\">\u201cPiedi per&nbsp;terra, sguardo al futuro\u201d \u00e8 il motto dell\u2019evento. Visioni, progetti ed esperienze centrati su innovazione e ricerca saranno discussi a partire dal Programma Strategico, con un\u2019attenzione specifica al nodo infrastrutturale e in particolare con un approfondimento sullo sviluppo del 5G.<\/p>\n<p dir=\"ltr\"><strong>IL PROGRAMMA DELLA GIORNATA<\/strong><\/p>\n<p dir=\"ltr\">Gli interventi previsti sono quelli di&nbsp;<strong>Attilio Fontana<\/strong>, presidente di Regione Lombardia; di&nbsp;<strong>Roberto Albonetti<\/strong>, direttore generale Ricerca, Innovazione, Universit\u00e0, Export e Internazionalizzazione di Regione Lombardia;&nbsp;<strong>Mario Calderini<\/strong>, direttore di Tiresia (centro di ricerca in Innovazione e Finanza per l\u2019Impatto Sociale della School of Management) al Politenico di Milano e membro del nuovo Foro Regionale per la ricerca e l\u2019innovazione;&nbsp;<strong>Sabrina Baggioni,<\/strong>&nbsp;5G Program Director di Vodafone;&nbsp;<strong>Andrea Ruckstuhl<\/strong>, Director EMEA Lend Lease Lombardia, la societ\u00e0 a cui \u00e8 affidata la realizzazione del masterplan e lo sviluppo di un parte dell\u2019area ex Expo;&nbsp;<strong>Fabrizio Sala<\/strong>, assessore alla Ricerca, Innovazione, Universit\u00e0, Export e Internazionalizzazione di Regione Lombardia interverr\u00e0 su \u201cla forza delle idee\u201d.<\/p>\n<p dir=\"ltr\">A condurre l\u2019incontro&nbsp;<strong>Massimo Sideri<\/strong>, editorialista del Corriere della Sera e responsabile di Corriere Innovazione.<\/p>\n<p dir=\"ltr\"><strong>Per Programma e ospiti&nbsp;&nbsp;<\/strong><a class=\"external-link\" href=\"http:\/\/www.openinnovation.regione.lombardia.it\/assets\/cd1e109d\/download\/Programma_Stati_Generali_26_giugno_2018.pdf\" target=\"_blank\" rel=\"noopener noreferrer\">clicca qui<\/a><\/p>\n","protected":false},"excerpt":{"rendered":"<p>26 giugno 2018 dalle 9:30 alle 12:30 Palazzo Lombardia (sala Marco Biagi, ingresso N4, piano 1)&nbsp;Milano Regione Lombardia torna a mettere al centro ricerca e innovazione, come leva decisiva di sviluppo. Lo fa il 26 giugno&nbsp;con un evento, gli Stati generali della Ricerca e dell\u2019Innovazione, che sar\u00e0 un\u2019occasione di&nbsp;confronto sul Programma Strategico Triennale&nbsp;ovvero lo strumento [&hellip;]<\/p>\n","protected":false},"author":2,"featured_media":51746,"comment_status":"open","ping_status":"open","sticky":false,"template":"","format":"standard","meta":{"_et_pb_use_builder":"","_et_pb_old_content":"","_et_gb_content_width":"","_exactmetrics_skip_tracking":false,"_exactmetrics_sitenote_active":false,"_exactmetrics_sitenote_note":"","_exactmetrics_sitenote_category":0,"footnotes":""},"categories":[16,335,122,26],"tags":[165,38,10,40],"yoast_head":"<!-- This site is optimized with the Yoast SEO plugin v22.9 - https:\/\/yoast.com\/wordpress\/plugins\/seo\/ -->\n<title>Stati Generali della Ricerca e dell&#039;Innovazione 2018 &#8226; e_mob<\/title>\n<meta name=\"description\" content=\"e_mob \u00e8 il tavolo permanente degli stakeholder della mobilit\u00e0 elettrica in Italia. Organizza ogni anno a Milano la Conferenza Nazionale del settore, nel 2021 in programma dal 16 al 19 ottobre.\" \/>\n<meta name=\"robots\" content=\"index, follow, max-snippet:-1, max-image-preview:large, max-video-preview:-1\" \/>\n<link rel=\"canonical\" href=\"https:\/\/emob-italia.it\/2018\/06\/25\/stati-generali-della-ricerca-e-dellinnovazione-2018\/\" \/>\n<meta property=\"og:locale\" content=\"en_US\" \/>\n<meta property=\"og:type\" content=\"article\" \/>\n<meta property=\"og:title\" content=\"Stati Generali della Ricerca e dell&#039;Innovazione 2018 &#8226; e_mob\" \/>\n<meta property=\"og:description\" content=\"e_mob \u00e8 il tavolo permanente degli stakeholder della mobilit\u00e0 elettrica in Italia. Organizza ogni anno a Milano la Conferenza Nazionale del settore, nel 2021 in programma dal 16 al 19 ottobre.\" \/>\n<meta property=\"og:url\" content=\"https:\/\/emob-italia.it\/2018\/06\/25\/stati-generali-della-ricerca-e-dellinnovazione-2018\/\" \/>\n<meta property=\"og:site_name\" content=\"e_mob\" \/>\n<meta property=\"article:publisher\" content=\"https:\/\/www.facebook.com\/emobitalia\/\" \/>\n<meta property=\"article:published_time\" content=\"2018-06-25T14:51:25+00:00\" \/>\n<meta property=\"article:modified_time\" content=\"2020-06-03T08:00:20+00:00\" \/>\n<meta property=\"og:image\" content=\"https:\/\/emob-italia.it\/wp-content\/uploads\/2018\/06\/stati-generali-della-ricerca.jpg\" \/>\n\t<meta property=\"og:image:width\" content=\"900\" \/>\n\t<meta property=\"og:image:height\" content=\"600\" \/>\n\t<meta property=\"og:image:type\" content=\"image\/jpeg\" \/>\n<meta name=\"author\" content=\"Nadia Paglia\" \/>\n<meta name=\"twitter:label1\" content=\"Written by\" \/>\n\t<meta name=\"twitter:data1\" content=\"Nadia Paglia\" \/>\n\t<meta name=\"twitter:label2\" content=\"Est. reading time\" \/>\n\t<meta name=\"twitter:data2\" content=\"2 minutes\" \/>\n<script type=\"application\/ld+json\" class=\"yoast-schema-graph\">{\"@context\":\"https:\/\/schema.org\",\"@graph\":[{\"@type\":\"Article\",\"@id\":\"https:\/\/emob-italia.it\/2018\/06\/25\/stati-generali-della-ricerca-e-dellinnovazione-2018\/#article\",\"isPartOf\":{\"@id\":\"https:\/\/emob-italia.it\/2018\/06\/25\/stati-generali-della-ricerca-e-dellinnovazione-2018\/\"},\"author\":{\"name\":\"Nadia Paglia\",\"@id\":\"https:\/\/emob-italia.it\/#\/schema\/person\/e96f2fe472d4dcca75c9ca51f8951bc5\"},\"headline\":\"Stati Generali della Ricerca e dell&#039;Innovazione 2018\",\"datePublished\":\"2018-06-25T14:51:25+00:00\",\"dateModified\":\"2020-06-03T08:00:20+00:00\",\"mainEntityOfPage\":{\"@id\":\"https:\/\/emob-italia.it\/2018\/06\/25\/stati-generali-della-ricerca-e-dellinnovazione-2018\/\"},\"wordCount\":470,\"commentCount\":0,\"publisher\":{\"@id\":\"https:\/\/emob-italia.it\/#organization\"},\"image\":{\"@id\":\"https:\/\/emob-italia.it\/2018\/06\/25\/stati-generali-della-ricerca-e-dellinnovazione-2018\/#primaryimage\"},\"thumbnailUrl\":\"https:\/\/emob-italia.it\/wp-content\/uploads\/2018\/06\/stati-generali-della-ricerca.jpg\",\"keywords\":[\"emob\",\"emob2018\",\"mobilit\u00e0 elettrica\",\"stati generali\"],\"articleSection\":[\"Eventi\",\"Giugno 2018\",\"Innovazione\",\"Notizie\"],\"inLanguage\":\"en-US\",\"potentialAction\":[{\"@type\":\"CommentAction\",\"name\":\"Comment\",\"target\":[\"https:\/\/emob-italia.it\/2018\/06\/25\/stati-generali-della-ricerca-e-dellinnovazione-2018\/#respond\"]}]},{\"@type\":\"WebPage\",\"@id\":\"https:\/\/emob-italia.it\/2018\/06\/25\/stati-generali-della-ricerca-e-dellinnovazione-2018\/\",\"url\":\"https:\/\/emob-italia.it\/2018\/06\/25\/stati-generali-della-ricerca-e-dellinnovazione-2018\/\",\"name\":\"Stati Generali della Ricerca e dell&#039;Innovazione 2018 &#8226; e_mob\",\"isPartOf\":{\"@id\":\"https:\/\/emob-italia.it\/#website\"},\"primaryImageOfPage\":{\"@id\":\"https:\/\/emob-italia.it\/2018\/06\/25\/stati-generali-della-ricerca-e-dellinnovazione-2018\/#primaryimage\"},\"image\":{\"@id\":\"https:\/\/emob-italia.it\/2018\/06\/25\/stati-generali-della-ricerca-e-dellinnovazione-2018\/#primaryimage\"},\"thumbnailUrl\":\"https:\/\/emob-italia.it\/wp-content\/uploads\/2018\/06\/stati-generali-della-ricerca.jpg\",\"datePublished\":\"2018-06-25T14:51:25+00:00\",\"dateModified\":\"2020-06-03T08:00:20+00:00\",\"description\":\"e_mob \u00e8 il tavolo permanente degli stakeholder della mobilit\u00e0 elettrica in Italia. Organizza ogni anno a Milano la Conferenza Nazionale del settore, nel 2021 in programma dal 16 al 19 ottobre.\",\"breadcrumb\":{\"@id\":\"https:\/\/emob-italia.it\/2018\/06\/25\/stati-generali-della-ricerca-e-dellinnovazione-2018\/#breadcrumb\"},\"inLanguage\":\"en-US\",\"potentialAction\":[{\"@type\":\"ReadAction\",\"target\":[\"https:\/\/emob-italia.it\/2018\/06\/25\/stati-generali-della-ricerca-e-dellinnovazione-2018\/\"]}]},{\"@type\":\"ImageObject\",\"inLanguage\":\"en-US\",\"@id\":\"https:\/\/emob-italia.it\/2018\/06\/25\/stati-generali-della-ricerca-e-dellinnovazione-2018\/#primaryimage\",\"url\":\"https:\/\/emob-italia.it\/wp-content\/uploads\/2018\/06\/stati-generali-della-ricerca.jpg\",\"contentUrl\":\"https:\/\/emob-italia.it\/wp-content\/uploads\/2018\/06\/stati-generali-della-ricerca.jpg\",\"width\":900,\"height\":600},{\"@type\":\"BreadcrumbList\",\"@id\":\"https:\/\/emob-italia.it\/2018\/06\/25\/stati-generali-della-ricerca-e-dellinnovazione-2018\/#breadcrumb\",\"itemListElement\":[{\"@type\":\"ListItem\",\"position\":1,\"name\":\"Home\",\"item\":\"https:\/\/emob-italia.it\/en\/\"},{\"@type\":\"ListItem\",\"position\":2,\"name\":\"Stati Generali della Ricerca e dell&#039;Innovazione 2018\"}]},{\"@type\":\"WebSite\",\"@id\":\"https:\/\/emob-italia.it\/#website\",\"url\":\"https:\/\/emob-italia.it\/\",\"name\":\"e_mob\",\"description\":\"Mobilit\u00e0 Elettrica\",\"publisher\":{\"@id\":\"https:\/\/emob-italia.it\/#organization\"},\"potentialAction\":[{\"@type\":\"SearchAction\",\"target\":{\"@type\":\"EntryPoint\",\"urlTemplate\":\"https:\/\/emob-italia.it\/?s={search_term_string}\"},\"query-input\":\"required name=search_term_string\"}],\"inLanguage\":\"en-US\"},{\"@type\":\"Organization\",\"@id\":\"https:\/\/emob-italia.it\/#organization\",\"name\":\"Class Onlus\",\"url\":\"https:\/\/emob-italia.it\/\",\"logo\":{\"@type\":\"ImageObject\",\"inLanguage\":\"en-US\",\"@id\":\"https:\/\/emob-italia.it\/#\/schema\/logo\/image\/\",\"url\":\"https:\/\/emob-italia.it\/wp-content\/uploads\/2019\/03\/0_CLASS-ONLUS-logo-web.png\",\"contentUrl\":\"https:\/\/emob-italia.it\/wp-content\/uploads\/2019\/03\/0_CLASS-ONLUS-logo-web.png\",\"width\":598,\"height\":202,\"caption\":\"Class Onlus\"},\"image\":{\"@id\":\"https:\/\/emob-italia.it\/#\/schema\/logo\/image\/\"},\"sameAs\":[\"https:\/\/www.facebook.com\/emobitalia\/\",\"https:\/\/www.instagram.com\/e_mob_italia\/\",\"https:\/\/www.linkedin.com\/groups\/12186185\/\",\"https:\/\/www.youtube.com\/channel\/UCvnTcrhggAX_AkFwGxRfqFw\/featured?view_as=subscriber\"]},{\"@type\":\"Person\",\"@id\":\"https:\/\/emob-italia.it\/#\/schema\/person\/e96f2fe472d4dcca75c9ca51f8951bc5\",\"name\":\"Nadia Paglia\",\"image\":{\"@type\":\"ImageObject\",\"inLanguage\":\"en-US\",\"@id\":\"https:\/\/emob-italia.it\/#\/schema\/person\/image\/\",\"url\":\"https:\/\/secure.gravatar.com\/avatar\/02e0cd654df2106544e1a6f3ee921a91?s=96&r=g\",\"contentUrl\":\"https:\/\/secure.gravatar.com\/avatar\/02e0cd654df2106544e1a6f3ee921a91?s=96&r=g\",\"caption\":\"Nadia Paglia\"},\"url\":\"https:\/\/emob-italia.it\/en\/author\/nadia-paglia\/\"}]}<\/script>\n<!-- \/ Yoast SEO plugin. -->","yoast_head_json":{"title":"Stati Generali della Ricerca e dell&#039;Innovazione 2018 &#8226; e_mob","description":"e_mob \u00e8 il tavolo permanente degli stakeholder della mobilit\u00e0 elettrica in Italia. Organizza ogni anno a Milano la Conferenza Nazionale del settore, nel 2021 in programma dal 16 al 19 ottobre.","robots":{"index":"index","follow":"follow","max-snippet":"max-snippet:-1","max-image-preview":"max-image-preview:large","max-video-preview":"max-video-preview:-1"},"canonical":"https:\/\/emob-italia.it\/2018\/06\/25\/stati-generali-della-ricerca-e-dellinnovazione-2018\/","og_locale":"en_US","og_type":"article","og_title":"Stati Generali della Ricerca e dell&#039;Innovazione 2018 &#8226; e_mob","og_description":"e_mob \u00e8 il tavolo permanente degli stakeholder della mobilit\u00e0 elettrica in Italia. Organizza ogni anno a Milano la Conferenza Nazionale del settore, nel 2021 in programma dal 16 al 19 ottobre.","og_url":"https:\/\/emob-italia.it\/2018\/06\/25\/stati-generali-della-ricerca-e-dellinnovazione-2018\/","og_site_name":"e_mob","article_publisher":"https:\/\/www.facebook.com\/emobitalia\/","article_published_time":"2018-06-25T14:51:25+00:00","article_modified_time":"2020-06-03T08:00:20+00:00","og_image":[{"width":900,"height":600,"url":"https:\/\/emob-italia.it\/wp-content\/uploads\/2018\/06\/stati-generali-della-ricerca.jpg","type":"image\/jpeg"}],"author":"Nadia Paglia","twitter_misc":{"Written by":"Nadia Paglia","Est. reading time":"2 minutes"},"schema":{"@context":"https:\/\/schema.org","@graph":[{"@type":"Article","@id":"https:\/\/emob-italia.it\/2018\/06\/25\/stati-generali-della-ricerca-e-dellinnovazione-2018\/#article","isPartOf":{"@id":"https:\/\/emob-italia.it\/2018\/06\/25\/stati-generali-della-ricerca-e-dellinnovazione-2018\/"},"author":{"name":"Nadia Paglia","@id":"https:\/\/emob-italia.it\/#\/schema\/person\/e96f2fe472d4dcca75c9ca51f8951bc5"},"headline":"Stati Generali della Ricerca e dell&#039;Innovazione 2018","datePublished":"2018-06-25T14:51:25+00:00","dateModified":"2020-06-03T08:00:20+00:00","mainEntityOfPage":{"@id":"https:\/\/emob-italia.it\/2018\/06\/25\/stati-generali-della-ricerca-e-dellinnovazione-2018\/"},"wordCount":470,"commentCount":0,"publisher":{"@id":"https:\/\/emob-italia.it\/#organization"},"image":{"@id":"https:\/\/emob-italia.it\/2018\/06\/25\/stati-generali-della-ricerca-e-dellinnovazione-2018\/#primaryimage"},"thumbnailUrl":"https:\/\/emob-italia.it\/wp-content\/uploads\/2018\/06\/stati-generali-della-ricerca.jpg","keywords":["emob","emob2018","mobilit\u00e0 elettrica","stati generali"],"articleSection":["Eventi","Giugno 2018","Innovazione","Notizie"],"inLanguage":"en-US","potentialAction":[{"@type":"CommentAction","name":"Comment","target":["https:\/\/emob-italia.it\/2018\/06\/25\/stati-generali-della-ricerca-e-dellinnovazione-2018\/#respond"]}]},{"@type":"WebPage","@id":"https:\/\/emob-italia.it\/2018\/06\/25\/stati-generali-della-ricerca-e-dellinnovazione-2018\/","url":"https:\/\/emob-italia.it\/2018\/06\/25\/stati-generali-della-ricerca-e-dellinnovazione-2018\/","name":"Stati Generali della Ricerca e dell&#039;Innovazione 2018 &#8226; e_mob","isPartOf":{"@id":"https:\/\/emob-italia.it\/#website"},"primaryImageOfPage":{"@id":"https:\/\/emob-italia.it\/2018\/06\/25\/stati-generali-della-ricerca-e-dellinnovazione-2018\/#primaryimage"},"image":{"@id":"https:\/\/emob-italia.it\/2018\/06\/25\/stati-generali-della-ricerca-e-dellinnovazione-2018\/#primaryimage"},"thumbnailUrl":"https:\/\/emob-italia.it\/wp-content\/uploads\/2018\/06\/stati-generali-della-ricerca.jpg","datePublished":"2018-06-25T14:51:25+00:00","dateModified":"2020-06-03T08:00:20+00:00","description":"e_mob \u00e8 il tavolo permanente degli stakeholder della mobilit\u00e0 elettrica in Italia. Organizza ogni anno a Milano la Conferenza Nazionale del settore, nel 2021 in programma dal 16 al 19 ottobre.","breadcrumb":{"@id":"https:\/\/emob-italia.it\/2018\/06\/25\/stati-generali-della-ricerca-e-dellinnovazione-2018\/#breadcrumb"},"inLanguage":"en-US","potentialAction":[{"@type":"ReadAction","target":["https:\/\/emob-italia.it\/2018\/06\/25\/stati-generali-della-ricerca-e-dellinnovazione-2018\/"]}]},{"@type":"ImageObject","inLanguage":"en-US","@id":"https:\/\/emob-italia.it\/2018\/06\/25\/stati-generali-della-ricerca-e-dellinnovazione-2018\/#primaryimage","url":"https:\/\/emob-italia.it\/wp-content\/uploads\/2018\/06\/stati-generali-della-ricerca.jpg","contentUrl":"https:\/\/emob-italia.it\/wp-content\/uploads\/2018\/06\/stati-generali-della-ricerca.jpg","width":900,"height":600},{"@type":"BreadcrumbList","@id":"https:\/\/emob-italia.it\/2018\/06\/25\/stati-generali-della-ricerca-e-dellinnovazione-2018\/#breadcrumb","itemListElement":[{"@type":"ListItem","position":1,"name":"Home","item":"https:\/\/emob-italia.it\/en\/"},{"@type":"ListItem","position":2,"name":"Stati Generali della Ricerca e dell&#039;Innovazione 2018"}]},{"@type":"WebSite","@id":"https:\/\/emob-italia.it\/#website","url":"https:\/\/emob-italia.it\/","name":"e_mob","description":"Mobilit\u00e0 Elettrica","publisher":{"@id":"https:\/\/emob-italia.it\/#organization"},"potentialAction":[{"@type":"SearchAction","target":{"@type":"EntryPoint","urlTemplate":"https:\/\/emob-italia.it\/?s={search_term_string}"},"query-input":"required name=search_term_string"}],"inLanguage":"en-US"},{"@type":"Organization","@id":"https:\/\/emob-italia.it\/#organization","name":"Class Onlus","url":"https:\/\/emob-italia.it\/","logo":{"@type":"ImageObject","inLanguage":"en-US","@id":"https:\/\/emob-italia.it\/#\/schema\/logo\/image\/","url":"https:\/\/emob-italia.it\/wp-content\/uploads\/2019\/03\/0_CLASS-ONLUS-logo-web.png","contentUrl":"https:\/\/emob-italia.it\/wp-content\/uploads\/2019\/03\/0_CLASS-ONLUS-logo-web.png","width":598,"height":202,"caption":"Class Onlus"},"image":{"@id":"https:\/\/emob-italia.it\/#\/schema\/logo\/image\/"},"sameAs":["https:\/\/www.facebook.com\/emobitalia\/","https:\/\/www.instagram.com\/e_mob_italia\/","https:\/\/www.linkedin.com\/groups\/12186185\/","https:\/\/www.youtube.com\/channel\/UCvnTcrhggAX_AkFwGxRfqFw\/featured?view_as=subscriber"]},{"@type":"Person","@id":"https:\/\/emob-italia.it\/#\/schema\/person\/e96f2fe472d4dcca75c9ca51f8951bc5","name":"Nadia Paglia","image":{"@type":"ImageObject","inLanguage":"en-US","@id":"https:\/\/emob-italia.it\/#\/schema\/person\/image\/","url":"https:\/\/secure.gravatar.com\/avatar\/02e0cd654df2106544e1a6f3ee921a91?s=96&r=g","contentUrl":"https:\/\/secure.gravatar.com\/avatar\/02e0cd654df2106544e1a6f3ee921a91?s=96&r=g","caption":"Nadia Paglia"},"url":"https:\/\/emob-italia.it\/en\/author\/nadia-paglia\/"}]}},"_links":{"self":[{"href":"https:\/\/emob-italia.it\/en\/wp-json\/wp\/v2\/posts\/48279"}],"collection":[{"href":"https:\/\/emob-italia.it\/en\/wp-json\/wp\/v2\/posts"}],"about":[{"href":"https:\/\/emob-italia.it\/en\/wp-json\/wp\/v2\/types\/post"}],"author":[{"embeddable":true,"href":"https:\/\/emob-italia.it\/en\/wp-json\/wp\/v2\/users\/2"}],"replies":[{"embeddable":true,"href":"https:\/\/emob-italia.it\/en\/wp-json\/wp\/v2\/comments?post=48279"}],"version-history":[{"count":0,"href":"https:\/\/emob-italia.it\/en\/wp-json\/wp\/v2\/posts\/48279\/revisions"}],"wp:featuredmedia":[{"embeddable":true,"href":"https:\/\/emob-italia.it\/en\/wp-json\/wp\/v2\/media\/51746"}],"wp:attachment":[{"href":"https:\/\/emob-italia.it\/en\/wp-json\/wp\/v2\/media?parent=48279"}],"wp:term":[{"taxonomy":"category","embeddable":true,"href":"https:\/\/emob-italia.it\/en\/wp-json\/wp\/v2\/categories?post=48279"},{"taxonomy":"post_tag","embeddable":true,"href":"https:\/\/emob-italia.it\/en\/wp-json\/wp\/v2\/tags?post=48279"}],"curies":[{"name":"wp","href":"https:\/\/api.w.org\/{rel}","templated":true}]}}