{"id":48274,"date":"2018-07-30T17:57:06","date_gmt":"2018-07-30T17:57:06","guid":{"rendered":"https:\/\/emob2018.it\/?p=48274"},"modified":"2024-03-04T20:00:05","modified_gmt":"2024-03-04T19:00:05","slug":"il-sistema-delle-imprese-per-le-infrastrutture-della-mobilitaelettrica","status":"publish","type":"post","link":"https:\/\/emob-italia.it\/en\/2018\/07\/30\/il-sistema-delle-imprese-per-le-infrastrutture-della-mobilitaelettrica\/","title":{"rendered":"Il sistema delle imprese per le infrastrutture della #Mobilit\u00e0Elettrica"},"content":{"rendered":"<p>[et_pb_section bb_built=&#8221;1&#8243;][et_pb_row][et_pb_column type=&#8221;4_4&#8243;][et_pb_text _builder_version=&#8221;3.14&#8243;]<br \/>\nUn workshop focalizzato sulle innovazioni, le problematiche e le normative relative alle infrastrutture della mobilit\u00e0 elettrica, in preparazione alla tre giorni di e_mob. La Camera di Commercio di Milano propone il seminario per approfondire il tema delle relazioni tra il mondo della mobilit\u00e0 elettrica e quello del business per le imprese. Per partecipare iscrivetevi\u00a0<a href=\"http:\/\/servizionline.milomb.camcom.it\/eventi\/seminari\/il-sistema-delle-imprese-per-le-infrastrutture-della-mobilita-elettrica\/570\">qui.<\/a><br \/>\nNel primo semestre del 2018, le vendite di auto elettriche o ibride ricaricabili da rete sono state pari a un terzo di quelle<br \/>\ntotali degli ultimi otto anni, da quando la prima auto ricaricabile da rete prodotta di serie \u00e8 stata venduta in Italia. Se non<br \/>\nbastasse questo dato, entro il 2025, Bloomberg New Energy Finance stima che il costo delle auto elettriche sar\u00e0<br \/>\ncomparabile a quello delle comuni auto a motore endotermico. In un simile panorama di costante crescita del mercato della<br \/>\nmobilit\u00e0 elettrica, \u00e8 fondamentale che il sistema infrastrutturale sia adeguato a soddisfare la domanda. In questo contesto,<br \/>\nun ruolo cruciale \u00e8 indubbiamente giocato dalle stazioni di ricarica.<br \/>\nIn occasione della seconda edizione di e_mob, questo seminario rappresenta un\u2019opportunit\u00e0 per le imprese del settore di<br \/>\naggiornare le proprie conoscenze e confrontarsi con esperti sugli aspetti salienti dell\u2019argomento, da quelli economici a<br \/>\nquelli pi\u00f9 tecnici, da quelli normativi a quelli innovativi.<br \/>\n[\/et_pb_text][et_pb_image _builder_version=&#8221;3.14&#8243; src=&#8221;https:\/\/emob2018.it\/wp-content\/uploads\/2018\/07\/evento-19-settembre-di-Milano.jpg&#8221; \/][\/et_pb_column][\/et_pb_row][\/et_pb_section]<\/p>\n","protected":false},"excerpt":{"rendered":"<p>Un workshop focalizzato sulle innovazioni, le problematiche e le normative relative alle infrastrutture della mobilit\u00e0 elettrica, in preparazione alla tre giorni di e_mob. La Camera di Commercio di Milano propone il seminario per approfondire il tema delle relazioni tra il mondo della mobilit\u00e0 elettrica e quello del business per le imprese.<\/p>\n","protected":false},"author":2,"featured_media":51728,"comment_status":"open","ping_status":"open","sticky":false,"template":"","format":"standard","meta":{"_et_pb_use_builder":"on","_et_pb_old_content":"<p>Un workshop focalizzato sulle innovazioni, le problematiche e le normative relative alle infrastrutture della mobilit\u00e0 elettrica, in preparazione alla tre giorni di e_mob. La Camera di Commercio di Milano propone il seminario per approfondire il tema delle relazioni tra il mondo della mobilit\u00e0 elettrica e quello del business per le imprese. Per partecipare iscrivetevi\u00a0<a href=\"http:\/\/servizionline.milomb.camcom.it\/eventi\/seminari\/il-sistema-delle-imprese-per-le-infrastrutture-della-mobilita-elettrica\/570\">qui.<\/a><\/p>","_et_gb_content_width":"","_exactmetrics_skip_tracking":false,"_exactmetrics_sitenote_active":false,"_exactmetrics_sitenote_note":"","_exactmetrics_sitenote_category":0,"footnotes":""},"categories":[15,16,334,26],"tags":[37,165,38,39,10],"yoast_head":"<!-- This site is optimized with the Yoast SEO plugin v22.9 - https:\/\/yoast.com\/wordpress\/plugins\/seo\/ -->\n<title>Il sistema delle imprese per le infrastrutture della #Mobilit\u00e0Elettrica &#8226; e_mob<\/title>\n<meta name=\"description\" content=\"e_mob \u00e8 il tavolo permanente degli stakeholder della mobilit\u00e0 elettrica in Italia. Organizza ogni anno a Milano la Conferenza Nazionale del settore, nel 2021 in programma dal 16 al 19 ottobre.\" \/>\n<meta name=\"robots\" content=\"index, follow, max-snippet:-1, max-image-preview:large, max-video-preview:-1\" \/>\n<link rel=\"canonical\" href=\"https:\/\/emob-italia.it\/2018\/07\/30\/il-sistema-delle-imprese-per-le-infrastrutture-della-mobilitaelettrica\/\" \/>\n<meta property=\"og:locale\" content=\"en_US\" \/>\n<meta property=\"og:type\" content=\"article\" \/>\n<meta property=\"og:title\" content=\"Il sistema delle imprese per le infrastrutture della #Mobilit\u00e0Elettrica &#8226; e_mob\" \/>\n<meta property=\"og:description\" content=\"e_mob \u00e8 il tavolo permanente degli stakeholder della mobilit\u00e0 elettrica in Italia. Organizza ogni anno a Milano la Conferenza Nazionale del settore, nel 2021 in programma dal 16 al 19 ottobre.\" \/>\n<meta property=\"og:url\" content=\"https:\/\/emob-italia.it\/2018\/07\/30\/il-sistema-delle-imprese-per-le-infrastrutture-della-mobilitaelettrica\/\" \/>\n<meta property=\"og:site_name\" content=\"e_mob\" \/>\n<meta property=\"article:publisher\" content=\"https:\/\/www.facebook.com\/emobitalia\/\" \/>\n<meta property=\"article:published_time\" content=\"2018-07-30T17:57:06+00:00\" \/>\n<meta property=\"article:modified_time\" content=\"2024-03-04T19:00:05+00:00\" \/>\n<meta property=\"og:image\" content=\"https:\/\/emob-italia.it\/wp-content\/uploads\/2018\/07\/camera-commercio-evento.jpg\" \/>\n\t<meta property=\"og:image:width\" content=\"1000\" \/>\n\t<meta property=\"og:image:height\" content=\"688\" \/>\n\t<meta property=\"og:image:type\" content=\"image\/jpeg\" \/>\n<meta name=\"author\" content=\"Nadia Paglia\" \/>\n<meta name=\"twitter:label1\" content=\"Written by\" \/>\n\t<meta name=\"twitter:data1\" content=\"Nadia Paglia\" \/>\n\t<meta name=\"twitter:label2\" content=\"Est. reading time\" \/>\n\t<meta name=\"twitter:data2\" content=\"1 minute\" \/>\n<script type=\"application\/ld+json\" class=\"yoast-schema-graph\">{\"@context\":\"https:\/\/schema.org\",\"@graph\":[{\"@type\":\"Article\",\"@id\":\"https:\/\/emob-italia.it\/2018\/07\/30\/il-sistema-delle-imprese-per-le-infrastrutture-della-mobilitaelettrica\/#article\",\"isPartOf\":{\"@id\":\"https:\/\/emob-italia.it\/2018\/07\/30\/il-sistema-delle-imprese-per-le-infrastrutture-della-mobilitaelettrica\/\"},\"author\":{\"name\":\"Nadia Paglia\",\"@id\":\"https:\/\/emob-italia.it\/#\/schema\/person\/e96f2fe472d4dcca75c9ca51f8951bc5\"},\"headline\":\"Il sistema delle imprese per le infrastrutture della #Mobilit\u00e0Elettrica\",\"datePublished\":\"2018-07-30T17:57:06+00:00\",\"dateModified\":\"2024-03-04T19:00:05+00:00\",\"mainEntityOfPage\":{\"@id\":\"https:\/\/emob-italia.it\/2018\/07\/30\/il-sistema-delle-imprese-per-le-infrastrutture-della-mobilitaelettrica\/\"},\"wordCount\":259,\"commentCount\":0,\"publisher\":{\"@id\":\"https:\/\/emob-italia.it\/#organization\"},\"image\":{\"@id\":\"https:\/\/emob-italia.it\/2018\/07\/30\/il-sistema-delle-imprese-per-le-infrastrutture-della-mobilitaelettrica\/#primaryimage\"},\"thumbnailUrl\":\"https:\/\/emob-italia.it\/wp-content\/uploads\/2018\/07\/camera-commercio-evento.jpg\",\"keywords\":[\"camera di commercio\",\"emob\",\"emob2018\",\"industrie\",\"mobilit\u00e0 elettrica\"],\"articleSection\":[\"#emob2018\",\"Eventi\",\"Luglio 2018\",\"Notizie\"],\"inLanguage\":\"en-US\",\"potentialAction\":[{\"@type\":\"CommentAction\",\"name\":\"Comment\",\"target\":[\"https:\/\/emob-italia.it\/2018\/07\/30\/il-sistema-delle-imprese-per-le-infrastrutture-della-mobilitaelettrica\/#respond\"]}]},{\"@type\":\"WebPage\",\"@id\":\"https:\/\/emob-italia.it\/2018\/07\/30\/il-sistema-delle-imprese-per-le-infrastrutture-della-mobilitaelettrica\/\",\"url\":\"https:\/\/emob-italia.it\/2018\/07\/30\/il-sistema-delle-imprese-per-le-infrastrutture-della-mobilitaelettrica\/\",\"name\":\"Il sistema delle imprese per le infrastrutture della #Mobilit\u00e0Elettrica &#8226; e_mob\",\"isPartOf\":{\"@id\":\"https:\/\/emob-italia.it\/#website\"},\"primaryImageOfPage\":{\"@id\":\"https:\/\/emob-italia.it\/2018\/07\/30\/il-sistema-delle-imprese-per-le-infrastrutture-della-mobilitaelettrica\/#primaryimage\"},\"image\":{\"@id\":\"https:\/\/emob-italia.it\/2018\/07\/30\/il-sistema-delle-imprese-per-le-infrastrutture-della-mobilitaelettrica\/#primaryimage\"},\"thumbnailUrl\":\"https:\/\/emob-italia.it\/wp-content\/uploads\/2018\/07\/camera-commercio-evento.jpg\",\"datePublished\":\"2018-07-30T17:57:06+00:00\",\"dateModified\":\"2024-03-04T19:00:05+00:00\",\"description\":\"e_mob \u00e8 il tavolo permanente degli stakeholder della mobilit\u00e0 elettrica in Italia. Organizza ogni anno a Milano la Conferenza Nazionale del settore, nel 2021 in programma dal 16 al 19 ottobre.\",\"breadcrumb\":{\"@id\":\"https:\/\/emob-italia.it\/2018\/07\/30\/il-sistema-delle-imprese-per-le-infrastrutture-della-mobilitaelettrica\/#breadcrumb\"},\"inLanguage\":\"en-US\",\"potentialAction\":[{\"@type\":\"ReadAction\",\"target\":[\"https:\/\/emob-italia.it\/2018\/07\/30\/il-sistema-delle-imprese-per-le-infrastrutture-della-mobilitaelettrica\/\"]}]},{\"@type\":\"ImageObject\",\"inLanguage\":\"en-US\",\"@id\":\"https:\/\/emob-italia.it\/2018\/07\/30\/il-sistema-delle-imprese-per-le-infrastrutture-della-mobilitaelettrica\/#primaryimage\",\"url\":\"https:\/\/emob-italia.it\/wp-content\/uploads\/2018\/07\/camera-commercio-evento.jpg\",\"contentUrl\":\"https:\/\/emob-italia.it\/wp-content\/uploads\/2018\/07\/camera-commercio-evento.jpg\",\"width\":1000,\"height\":688},{\"@type\":\"BreadcrumbList\",\"@id\":\"https:\/\/emob-italia.it\/2018\/07\/30\/il-sistema-delle-imprese-per-le-infrastrutture-della-mobilitaelettrica\/#breadcrumb\",\"itemListElement\":[{\"@type\":\"ListItem\",\"position\":1,\"name\":\"Home\",\"item\":\"https:\/\/emob-italia.it\/en\/\"},{\"@type\":\"ListItem\",\"position\":2,\"name\":\"Il sistema delle imprese per le infrastrutture della #Mobilit\u00e0Elettrica\"}]},{\"@type\":\"WebSite\",\"@id\":\"https:\/\/emob-italia.it\/#website\",\"url\":\"https:\/\/emob-italia.it\/\",\"name\":\"e_mob\",\"description\":\"Mobilit\u00e0 Elettrica\",\"publisher\":{\"@id\":\"https:\/\/emob-italia.it\/#organization\"},\"potentialAction\":[{\"@type\":\"SearchAction\",\"target\":{\"@type\":\"EntryPoint\",\"urlTemplate\":\"https:\/\/emob-italia.it\/?s={search_term_string}\"},\"query-input\":\"required name=search_term_string\"}],\"inLanguage\":\"en-US\"},{\"@type\":\"Organization\",\"@id\":\"https:\/\/emob-italia.it\/#organization\",\"name\":\"Class Onlus\",\"url\":\"https:\/\/emob-italia.it\/\",\"logo\":{\"@type\":\"ImageObject\",\"inLanguage\":\"en-US\",\"@id\":\"https:\/\/emob-italia.it\/#\/schema\/logo\/image\/\",\"url\":\"https:\/\/emob-italia.it\/wp-content\/uploads\/2019\/03\/0_CLASS-ONLUS-logo-web.png\",\"contentUrl\":\"https:\/\/emob-italia.it\/wp-content\/uploads\/2019\/03\/0_CLASS-ONLUS-logo-web.png\",\"width\":598,\"height\":202,\"caption\":\"Class Onlus\"},\"image\":{\"@id\":\"https:\/\/emob-italia.it\/#\/schema\/logo\/image\/\"},\"sameAs\":[\"https:\/\/www.facebook.com\/emobitalia\/\",\"https:\/\/www.instagram.com\/e_mob_italia\/\",\"https:\/\/www.linkedin.com\/groups\/12186185\/\",\"https:\/\/www.youtube.com\/channel\/UCvnTcrhggAX_AkFwGxRfqFw\/featured?view_as=subscriber\"]},{\"@type\":\"Person\",\"@id\":\"https:\/\/emob-italia.it\/#\/schema\/person\/e96f2fe472d4dcca75c9ca51f8951bc5\",\"name\":\"Nadia Paglia\",\"image\":{\"@type\":\"ImageObject\",\"inLanguage\":\"en-US\",\"@id\":\"https:\/\/emob-italia.it\/#\/schema\/person\/image\/\",\"url\":\"https:\/\/secure.gravatar.com\/avatar\/02e0cd654df2106544e1a6f3ee921a91?s=96&r=g\",\"contentUrl\":\"https:\/\/secure.gravatar.com\/avatar\/02e0cd654df2106544e1a6f3ee921a91?s=96&r=g\",\"caption\":\"Nadia Paglia\"},\"url\":\"https:\/\/emob-italia.it\/en\/author\/nadia-paglia\/\"}]}<\/script>\n<!-- \/ Yoast SEO plugin. -->","yoast_head_json":{"title":"Il sistema delle imprese per le infrastrutture della #Mobilit\u00e0Elettrica &#8226; e_mob","description":"e_mob \u00e8 il tavolo permanente degli stakeholder della mobilit\u00e0 elettrica in Italia. Organizza ogni anno a Milano la Conferenza Nazionale del settore, nel 2021 in programma dal 16 al 19 ottobre.","robots":{"index":"index","follow":"follow","max-snippet":"max-snippet:-1","max-image-preview":"max-image-preview:large","max-video-preview":"max-video-preview:-1"},"canonical":"https:\/\/emob-italia.it\/2018\/07\/30\/il-sistema-delle-imprese-per-le-infrastrutture-della-mobilitaelettrica\/","og_locale":"en_US","og_type":"article","og_title":"Il sistema delle imprese per le infrastrutture della #Mobilit\u00e0Elettrica &#8226; e_mob","og_description":"e_mob \u00e8 il tavolo permanente degli stakeholder della mobilit\u00e0 elettrica in Italia. Organizza ogni anno a Milano la Conferenza Nazionale del settore, nel 2021 in programma dal 16 al 19 ottobre.","og_url":"https:\/\/emob-italia.it\/2018\/07\/30\/il-sistema-delle-imprese-per-le-infrastrutture-della-mobilitaelettrica\/","og_site_name":"e_mob","article_publisher":"https:\/\/www.facebook.com\/emobitalia\/","article_published_time":"2018-07-30T17:57:06+00:00","article_modified_time":"2024-03-04T19:00:05+00:00","og_image":[{"width":1000,"height":688,"url":"https:\/\/emob-italia.it\/wp-content\/uploads\/2018\/07\/camera-commercio-evento.jpg","type":"image\/jpeg"}],"author":"Nadia Paglia","twitter_misc":{"Written by":"Nadia Paglia","Est. reading time":"1 minute"},"schema":{"@context":"https:\/\/schema.org","@graph":[{"@type":"Article","@id":"https:\/\/emob-italia.it\/2018\/07\/30\/il-sistema-delle-imprese-per-le-infrastrutture-della-mobilitaelettrica\/#article","isPartOf":{"@id":"https:\/\/emob-italia.it\/2018\/07\/30\/il-sistema-delle-imprese-per-le-infrastrutture-della-mobilitaelettrica\/"},"author":{"name":"Nadia Paglia","@id":"https:\/\/emob-italia.it\/#\/schema\/person\/e96f2fe472d4dcca75c9ca51f8951bc5"},"headline":"Il sistema delle imprese per le infrastrutture della #Mobilit\u00e0Elettrica","datePublished":"2018-07-30T17:57:06+00:00","dateModified":"2024-03-04T19:00:05+00:00","mainEntityOfPage":{"@id":"https:\/\/emob-italia.it\/2018\/07\/30\/il-sistema-delle-imprese-per-le-infrastrutture-della-mobilitaelettrica\/"},"wordCount":259,"commentCount":0,"publisher":{"@id":"https:\/\/emob-italia.it\/#organization"},"image":{"@id":"https:\/\/emob-italia.it\/2018\/07\/30\/il-sistema-delle-imprese-per-le-infrastrutture-della-mobilitaelettrica\/#primaryimage"},"thumbnailUrl":"https:\/\/emob-italia.it\/wp-content\/uploads\/2018\/07\/camera-commercio-evento.jpg","keywords":["camera di commercio","emob","emob2018","industrie","mobilit\u00e0 elettrica"],"articleSection":["#emob2018","Eventi","Luglio 2018","Notizie"],"inLanguage":"en-US","potentialAction":[{"@type":"CommentAction","name":"Comment","target":["https:\/\/emob-italia.it\/2018\/07\/30\/il-sistema-delle-imprese-per-le-infrastrutture-della-mobilitaelettrica\/#respond"]}]},{"@type":"WebPage","@id":"https:\/\/emob-italia.it\/2018\/07\/30\/il-sistema-delle-imprese-per-le-infrastrutture-della-mobilitaelettrica\/","url":"https:\/\/emob-italia.it\/2018\/07\/30\/il-sistema-delle-imprese-per-le-infrastrutture-della-mobilitaelettrica\/","name":"Il sistema delle imprese per le infrastrutture della #Mobilit\u00e0Elettrica &#8226; e_mob","isPartOf":{"@id":"https:\/\/emob-italia.it\/#website"},"primaryImageOfPage":{"@id":"https:\/\/emob-italia.it\/2018\/07\/30\/il-sistema-delle-imprese-per-le-infrastrutture-della-mobilitaelettrica\/#primaryimage"},"image":{"@id":"https:\/\/emob-italia.it\/2018\/07\/30\/il-sistema-delle-imprese-per-le-infrastrutture-della-mobilitaelettrica\/#primaryimage"},"thumbnailUrl":"https:\/\/emob-italia.it\/wp-content\/uploads\/2018\/07\/camera-commercio-evento.jpg","datePublished":"2018-07-30T17:57:06+00:00","dateModified":"2024-03-04T19:00:05+00:00","description":"e_mob \u00e8 il tavolo permanente degli stakeholder della mobilit\u00e0 elettrica in Italia. Organizza ogni anno a Milano la Conferenza Nazionale del settore, nel 2021 in programma dal 16 al 19 ottobre.","breadcrumb":{"@id":"https:\/\/emob-italia.it\/2018\/07\/30\/il-sistema-delle-imprese-per-le-infrastrutture-della-mobilitaelettrica\/#breadcrumb"},"inLanguage":"en-US","potentialAction":[{"@type":"ReadAction","target":["https:\/\/emob-italia.it\/2018\/07\/30\/il-sistema-delle-imprese-per-le-infrastrutture-della-mobilitaelettrica\/"]}]},{"@type":"ImageObject","inLanguage":"en-US","@id":"https:\/\/emob-italia.it\/2018\/07\/30\/il-sistema-delle-imprese-per-le-infrastrutture-della-mobilitaelettrica\/#primaryimage","url":"https:\/\/emob-italia.it\/wp-content\/uploads\/2018\/07\/camera-commercio-evento.jpg","contentUrl":"https:\/\/emob-italia.it\/wp-content\/uploads\/2018\/07\/camera-commercio-evento.jpg","width":1000,"height":688},{"@type":"BreadcrumbList","@id":"https:\/\/emob-italia.it\/2018\/07\/30\/il-sistema-delle-imprese-per-le-infrastrutture-della-mobilitaelettrica\/#breadcrumb","itemListElement":[{"@type":"ListItem","position":1,"name":"Home","item":"https:\/\/emob-italia.it\/en\/"},{"@type":"ListItem","position":2,"name":"Il sistema delle imprese per le infrastrutture della #Mobilit\u00e0Elettrica"}]},{"@type":"WebSite","@id":"https:\/\/emob-italia.it\/#website","url":"https:\/\/emob-italia.it\/","name":"e_mob","description":"Mobilit\u00e0 Elettrica","publisher":{"@id":"https:\/\/emob-italia.it\/#organization"},"potentialAction":[{"@type":"SearchAction","target":{"@type":"EntryPoint","urlTemplate":"https:\/\/emob-italia.it\/?s={search_term_string}"},"query-input":"required name=search_term_string"}],"inLanguage":"en-US"},{"@type":"Organization","@id":"https:\/\/emob-italia.it\/#organization","name":"Class Onlus","url":"https:\/\/emob-italia.it\/","logo":{"@type":"ImageObject","inLanguage":"en-US","@id":"https:\/\/emob-italia.it\/#\/schema\/logo\/image\/","url":"https:\/\/emob-italia.it\/wp-content\/uploads\/2019\/03\/0_CLASS-ONLUS-logo-web.png","contentUrl":"https:\/\/emob-italia.it\/wp-content\/uploads\/2019\/03\/0_CLASS-ONLUS-logo-web.png","width":598,"height":202,"caption":"Class Onlus"},"image":{"@id":"https:\/\/emob-italia.it\/#\/schema\/logo\/image\/"},"sameAs":["https:\/\/www.facebook.com\/emobitalia\/","https:\/\/www.instagram.com\/e_mob_italia\/","https:\/\/www.linkedin.com\/groups\/12186185\/","https:\/\/www.youtube.com\/channel\/UCvnTcrhggAX_AkFwGxRfqFw\/featured?view_as=subscriber"]},{"@type":"Person","@id":"https:\/\/emob-italia.it\/#\/schema\/person\/e96f2fe472d4dcca75c9ca51f8951bc5","name":"Nadia Paglia","image":{"@type":"ImageObject","inLanguage":"en-US","@id":"https:\/\/emob-italia.it\/#\/schema\/person\/image\/","url":"https:\/\/secure.gravatar.com\/avatar\/02e0cd654df2106544e1a6f3ee921a91?s=96&r=g","contentUrl":"https:\/\/secure.gravatar.com\/avatar\/02e0cd654df2106544e1a6f3ee921a91?s=96&r=g","caption":"Nadia Paglia"},"url":"https:\/\/emob-italia.it\/en\/author\/nadia-paglia\/"}]}},"_links":{"self":[{"href":"https:\/\/emob-italia.it\/en\/wp-json\/wp\/v2\/posts\/48274"}],"collection":[{"href":"https:\/\/emob-italia.it\/en\/wp-json\/wp\/v2\/posts"}],"about":[{"href":"https:\/\/emob-italia.it\/en\/wp-json\/wp\/v2\/types\/post"}],"author":[{"embeddable":true,"href":"https:\/\/emob-italia.it\/en\/wp-json\/wp\/v2\/users\/2"}],"replies":[{"embeddable":true,"href":"https:\/\/emob-italia.it\/en\/wp-json\/wp\/v2\/comments?post=48274"}],"version-history":[{"count":1,"href":"https:\/\/emob-italia.it\/en\/wp-json\/wp\/v2\/posts\/48274\/revisions"}],"predecessor-version":[{"id":64010,"href":"https:\/\/emob-italia.it\/en\/wp-json\/wp\/v2\/posts\/48274\/revisions\/64010"}],"wp:featuredmedia":[{"embeddable":true,"href":"https:\/\/emob-italia.it\/en\/wp-json\/wp\/v2\/media\/51728"}],"wp:attachment":[{"href":"https:\/\/emob-italia.it\/en\/wp-json\/wp\/v2\/media?parent=48274"}],"wp:term":[{"taxonomy":"category","embeddable":true,"href":"https:\/\/emob-italia.it\/en\/wp-json\/wp\/v2\/categories?post=48274"},{"taxonomy":"post_tag","embeddable":true,"href":"https:\/\/emob-italia.it\/en\/wp-json\/wp\/v2\/tags?post=48274"}],"curies":[{"name":"wp","href":"https:\/\/api.w.org\/{rel}","templated":true}]}}