{"id":48232,"date":"2018-07-27T15:11:53","date_gmt":"2018-07-27T15:11:53","guid":{"rendered":"https:\/\/emob2018.it\/?p=48232"},"modified":"2024-03-04T19:59:56","modified_gmt":"2024-03-04T18:59:56","slug":"bologna-per-la-mobilita-elettrica-e-innovativa","status":"publish","type":"post","link":"https:\/\/emob-italia.it\/en\/2018\/07\/27\/bologna-per-la-mobilita-elettrica-e-innovativa\/","title":{"rendered":"Bologna per la Mobilit\u00e0 Elettrica e Innovativa"},"content":{"rendered":"<p>[et_pb_section fb_built=&#8221;1&#8243; admin_label=&#8221;section&#8221; _builder_version=&#8221;3.0.47&#8243;][et_pb_row admin_label=&#8221;row&#8221; _builder_version=&#8221;3.0.48&#8243; background_size=&#8221;initial&#8221; background_position=&#8221;top_left&#8221; background_repeat=&#8221;repeat&#8221;][et_pb_column type=&#8221;4_4&#8243; _builder_version=&#8221;3.0.47&#8243; parallax=&#8221;off&#8221; parallax_method=&#8221;on&#8221;][et_pb_text admin_label=&#8221;Text&#8221; _builder_version=&#8221;3.10.1&#8243; background_size=&#8221;initial&#8221; background_position=&#8221;top_left&#8221; background_repeat=&#8221;repeat&#8221;]<\/p>\n<p><img loading=\"lazy\" decoding=\"async\" class=\" wp-image-48237 alignleft\" src=\"https:\/\/emob2018.it\/wp-content\/uploads\/2018\/07\/comune-bologna-300x300.jpg\" alt=\"\" width=\"338\" height=\"338\" \/><a href=\"http:\/\/www.comune.bologna.it\/\">La citt\u00e0 di Bologna<\/a> vive un momento di grande fermento dal punto di vista della mobilit\u00e0 e decide quest\u2019anno di realizzare una speciale edizione della Settimana Europea della Mobilit\u00e0, che si tiene ogni anno dal 16 al 22 settembre, all\u2019insegna della mobilit\u00e0 elettrica ed innovativa.\u00a0Nasce cos\u00ec <strong>\u201cBologna per la mobilit\u00e0 elettrica ed innovativa\u201d<\/strong>, un evento nell\u2019evento che vuole far rientrare a pieno titolo il capoluogo emiliano tra le citt\u00e0 pi\u00f9 innovative del nostro Paese, raccontando la propria visione di citt\u00e0 metropolitana e i nuovi progetti in arrivo: da Corrente, il nuovo car sharing elettrico di Tper, al bike e car sharing free floating che rivoluzioneranno il modo di muoversi dei bolognesi. L\u2019evento, organizzato dal Comune di Bologna, con il patrocinio della Citt\u00e0 metropolitana di Bologna e del Ministero dell\u2019Ambiente, nell\u2019ambito del progetto europeo PREPAIR finanziato dal programma EU Life, si articola in due momenti convegnistici di rilievo nazionale, che si terranno <strong>gioved\u00ec 20 settembre e venerd\u00ec 21 settembre<\/strong> presso l\u2019Oratorio di San Filippo Neri in via Manzoni 5.<\/p>\n<p>&nbsp;<\/p>\n<p><img loading=\"lazy\" decoding=\"async\" class=\"size-medium wp-image-48239 aligncenter\" src=\"https:\/\/emob2018.it\/wp-content\/uploads\/2018\/07\/logo-gruppo-hera-300x150.jpg\" alt=\"\" width=\"300\" height=\"150\" \/>Main partner dell\u2019evento \u00e8 il\u00a0<a href=\"http:\/\/www.gruppohera.it\/\"><strong>Gruppo\u00a0Hera<\/strong><\/a>, una delle principali multiutility italiane operante nei settori ambiente, idrico ed energia. Da sempre attenta alla sostenibilit\u00e0, \u00e8 attiva anche nella costante ricerca di soluzioni che consentano alla mobilit\u00e0 elettrica di diventare un\u2019opzione concreta e praticabile. <strong>Tper<\/strong> partecipa come Mobility Partner, presentando con la societ\u00e0 mista pubblico privata, OMNIBUS, l&#8217;innovativo servizio di car sharing elettrico Corrente, che sar\u00e0 possibile testare in Piazza Maggiore sabato 22 settembre nella Mobility Arena. Tper presenter\u00e0 inoltre lo sviluppo dei servizi del TPL nell\u2019ambito della mobilit\u00e0 elettrica.<\/p>\n<h4><\/h4>\n<h4 style=\"text-align: center;\"><strong>IL PROGRAMMA<\/strong><\/h4>\n<p>&nbsp;<\/p>\n<ul>\n<li><strong>Mobilit\u00e0 elettrica, a che punto siamo? Nuovi progetti e sviluppi\u2028<\/strong><\/li>\n<\/ul>\n<p><em>Gioved\u00ec 20 settembre 2018 dalle ore 14.00 alle 18.30<\/em><\/p>\n<p>Il primo panel del workshop far\u00e0 da introduzione alla seconda conferenza E-Mob di Milano portando a confronto i principali attori del Gruppo di Lavoro sulla mobilit\u00e0 attiva. Un secondo panel sar\u00e0 invece dedicato alla mobilit\u00e0 elettrica come driver per la sostenibilit\u00e0 ambientale, mentre il panel di chiusura ha come oggetto le infrastrutture e le loro regolamentazioni.<\/p>\n<p><em>Hanno gi\u00e0 confermato la partecipazione:<\/em>\u00a0<strong>Irene Priolo<\/strong>, Assessore alla Mobilit\u00e0 di Bologna;\u00a0<strong>Dino De Simone<\/strong>, Assessore alla Sostenibilit\u00e0 di Varese;\u00a0<strong>Maria Lapietra<\/strong>, Assessore ai Trasporti di Torino;\u00a0<strong>Roberta Frisoni<\/strong>, Assessore alla Mobilit\u00e0 di Rimini;\u00a0<strong>Vincenzo Balzani<\/strong>, Professore dell\u2019Universit\u00e0 di Bologna;\u00a0<strong>Paolo Lobetti Bodoni<\/strong>, Partner &#8211; Med Automotive &amp; Transportation Leader di Ernst &amp; Young;\u00a0<strong>Lorenzo Bertuccio<\/strong>, Presidente di Euromobility;\u00a0<strong>Giuseppina Gualtieri<\/strong>, Presidente Tper,\u00a0<strong>Isabella Malagoli<\/strong>, Direttore Commerciale e Marketing di Hera Comm;\u00a0<strong>Andrea Poggio<\/strong>, Segretario Nazionale di Legambiente;\u00a0<strong>Pietro Menga<\/strong>, Presidente di Cei Cives;\u00a0<strong>Mauro Tedeschini<\/strong>, giornalista di Vaielettrico.it e\u00a0<strong>Camillo Piazza<\/strong>, Presidente di <a href=\"https:\/\/classonlus.it\/\">Class Onlus<\/a>.<\/p>\n<p>&nbsp;<\/p>\n<ul>\n<li><strong>MaaS e servizi innovativi per la mobilit\u00e0\u2028<\/strong><\/li>\n<\/ul>\n<p><em>Venerd\u00ec 21 settembre 2018 dalle ore 9.00 alle ore 13.30<\/em><\/p>\n<p>Il secondo workshop avr\u00e0 come obiettivo quello di scoprire in che direzione sta andando la mobilit\u00e0 di oggi e quali sono i principali cambiamenti che sta subendo, a partire dai progetti in pipe del Comune di Bologna, per arrivare alle esperienze nazionali e internazionali di Mobility as a Service, passando dall\u2019impatto che le strategie di mobility management possono avere sulla mobilit\u00e0 urbana.<\/p>\n<p><em>Hanno gi\u00e0 confermato la partecipazione:<\/em> <strong>Irene Priolo<\/strong>, Assessore alla Mobilit\u00e0 di Bologna;\u00a0<strong>Dino De Simon<\/strong>e, Assessore alla Sostenibilit\u00e0 di Varese;\u00a0<strong>Cleto Carlini<\/strong>, Direttore del Settore Mobilit\u00e0 del Comune di Bologna;\u00a0<strong>Luigi Contestabile<\/strong>, Direzione Stazioni di RFI;\u00a0<strong>Marco Monesi<\/strong>, Consigliere Metropolitano; <strong>Alessandro Delpiano<\/strong>, Direttore Area Mobilit\u00e0 della Citt\u00e0 Metropolitana di Bologna;\u00a0<strong>Roberto Battistini<\/strong>, Mobility Manager dell\u2019Universit\u00e0 di Bologna;\u00a0<strong>Alessandra Galeotti<\/strong>, Mobility Manager del Gruppo Hera;\u00a0<strong>Franco Sisto Malagrin\u00f2<\/strong>, Mobility Manager del Gruppo Unipol;\u00a0<strong>Samuel Sed Piazza<\/strong>, Country Manager di Moovit; <strong>Tommaso Bonino<\/strong>, Dirigente Coordinatore di SRM;\u00a0<strong>Daniela Pedrini<\/strong>, Direzione Progettazione, Sviluppo e Investimenti del Policlinico S. Orsola &#8211; Malpighi;\u00a0<strong>Luca Mantechini<\/strong>, Professore dell&#8217;Universit\u00e0 di Bologna,\u00a0<strong>Fabio Teti<\/strong>, Direttore Amministrazione Finanza e Controllo Tper\u00a0e\u00a0<strong>Raimondo Orsini<\/strong>, Coordinatore dell&#8217;Osservatorio Nazionale sulla Sharing Mobility.<\/p>\n<p>&nbsp;<\/p>\n<ul>\n<li><strong>Ma non \u00e8 tutto&#8230;<\/strong><\/li>\n<\/ul>\n<p><img loading=\"lazy\" decoding=\"async\" class=\"size-medium wp-image-48244 alignleft\" src=\"https:\/\/emob2018.it\/wp-content\/uploads\/2018\/07\/bologna-piazza-maggiore-300x169.jpg\" alt=\"\" width=\"300\" height=\"169\" \/>Le numerose iniziative della Settimana Europea della Mobilit\u00e0 (programma coming soon), che quest\u2019anno si ispira al tema <em>\u201cMix and move!\u201d<\/em>,\u00a0culmineranno sabato 22 settembre in Piazza Maggiore, nella\u00a0<strong>Mobility Arena<\/strong>, un\u2019area espositiva in cui la cittadinanza potr\u00e0 conoscere e toccare con mano i progetti e le soluzioni pi\u00f9 innovative della citt\u00e0 sulla mobilit\u00e0 elettrica, condivisa e a basso impatto ambientale.<\/p>\n<p>&nbsp;<\/p>\n<p>&nbsp;<\/p>\n<h4 style=\"text-align: center;\"><strong>Questo evento \u00e8 nato da:<\/strong><\/h4>\n<p><img loading=\"lazy\" decoding=\"async\" class=\" wp-image-48257 aligncenter\" src=\"https:\/\/emob2018.it\/wp-content\/uploads\/2018\/07\/Banner_730x487-300x200.png\" alt=\"\" width=\"460\" height=\"274\" \/><\/p>\n<p style=\"text-align: center;\">Conferenza Nazionale della Mobilit\u00e0 Elettrica che si tiene ogni anno nella citt\u00e0 di Milano e promuove la Carta Metropolitana della Mobilit\u00e0 Elettrica. L&#8217;evento <a href=\"https:\/\/emob2018.it\/\">e_mob 2018<\/a> si svolger\u00e0 a Milano presso Piazza Citt\u00e0 di Lombardia nelle giornate 27-28-29 Settembre 2018.<\/p>\n<p>[\/et_pb_text][\/et_pb_column][\/et_pb_row][\/et_pb_section]<\/p>\n","protected":false},"excerpt":{"rendered":"<p>La citt\u00e0 di Bologna vive un momento di grande fermento dal punto di vista della mobilit\u00e0 e decide quest\u2019anno di realizzare una speciale edizione della Settimana Europea della Mobilit\u00e0, che si tiene ogni anno dal 16 al 22 settembre, all\u2019insegna della mobilit\u00e0 elettrica ed innovativa.\u00a0Nasce cos\u00ec \u201cBologna per la mobilit\u00e0 elettrica ed innovativa\u201d, un evento [&hellip;]<\/p>\n","protected":false},"author":2,"featured_media":51734,"comment_status":"open","ping_status":"open","sticky":false,"template":"","format":"standard","meta":{"_et_pb_use_builder":"on","_et_pb_old_content":"<img class=\" wp-image-48237 alignleft\" src=\"https:\/\/emob2018.it\/wp-content\/uploads\/2018\/07\/comune-bologna-300x300.jpg\" alt=\"\" width=\"338\" height=\"338\" \/>La citt\u00e0 di Bologna vive un momento di grande fermento dal punto di vista della mobilit\u00e0 e decide quest\u2019anno di realizzare una speciale edizione della Settimana Europea della Mobilit\u00e0, che si tiene ogni anno dal 16 al 22 settembre, all\u2019insegna della mobilit\u00e0 elettrica ed innovativa.\u00a0Nasce cos\u00ec <strong>\u201cBologna per la mobilit\u00e0 elettrica ed innovativa\u201d<\/strong>, un evento nell\u2019evento che vuole far rientrare a pieno titolo il capoluogo emiliano tra le citt\u00e0 pi\u00f9 innovative del nostro Paese, raccontando la propria visione di citt\u00e0 metropolitana e i nuovi progetti in arrivo: da Corrente, il nuovo car sharing elettrico di Tper, al bike e car sharing free floating che rivoluzioneranno il modo di muoversi dei bolognesi. L\u2019evento, organizzato dal Comune di Bologna, con il patrocinio della Citt\u00e0 metropolitana di Bologna e del Ministero dell\u2019Ambiente, nell\u2019ambito del progetto europeo PREPAIR finanziato dal programma EU Life, si articola in due momenti convegnistici di rilievo nazionale, che si terranno <strong>gioved\u00ec 20 settembre e venerd\u00ec 21 settembre<\/strong> presso l\u2019Oratorio di San Filippo Neri in via Manzoni 5.\n\u00a0\n<img class=\"size-medium wp-image-48239 aligncenter\" src=\"https:\/\/emob2018.it\/wp-content\/uploads\/2018\/07\/logo-gruppo-hera-300x150.jpg\" alt=\"\" width=\"300\" height=\"150\" \/>Main partner dell\u2019evento \u00e8 il\u00a0<strong>Gruppo\u00a0Hera<\/strong>, una delle principali multiutility italiane operante nei settori ambiente, idrico ed energia. Da sempre attenta alla sostenibilit\u00e0, \u00e8 attiva anche nella costante ricerca di soluzioni che consentano alla mobilit\u00e0 elettrica di diventare un\u2019opzione concreta e praticabile.\u00a0<strong>Tper<\/strong>\u00a0partecipa come Mobility Partner, presentando con la societ\u00e0 mista pubblico privata, OMNIBUS, l'innovativo servizio di car sharing elettrico Corrente, che sar\u00e0 possibile testare in Piazza Maggiore sabato 22 settembre nella Mobility Arena.\u00a0Tper presenter\u00e0 inoltre lo sviluppo dei servizi del TPL nell\u2019ambito della mobilit\u00e0 elettrica.\n<h4><\/h4>\n<h4 style=\"text-align: center;\"><strong>IL PROGRAMMA<\/strong><\/h4>\n\u00a0\n<ul>\n \t<li><strong>Mobilit\u00e0 elettrica, a che punto siamo? Nuovi progetti e sviluppi\u2028<\/strong><\/li>\n<\/ul>\n<em>Gioved\u00ec 20 settembre 2018 dalle ore 14.00 alle 18.30<\/em>\nIl primo panel del workshop far\u00e0 da introduzione alla seconda conferenza E-Mob di Milano portando a confronto i principali attori del Gruppo di Lavoro sulla mobilit\u00e0 attiva. Un secondo panel sar\u00e0 invece dedicato alla mobilit\u00e0 elettrica come driver per la sostenibilit\u00e0 ambientale, mentre il panel di chiusura ha come oggetto le infrastrutture e le loro regolamentazioni.\n<em>Hanno gi\u00e0 confermato la partecipazione:<\/em>\u00a0<strong>Irene Priolo<\/strong>, Assessore alla Mobilit\u00e0 di Bologna;\u00a0<strong>Dino De Simone<\/strong>, Assessore alla Sostenibilit\u00e0 di Varese;\u00a0<strong>Maria Lapietra<\/strong>, Assessore ai Trasporti di Torino;\u00a0<strong>Roberta Frisoni<\/strong>, Assessore alla Mobilit\u00e0 di Rimini;\u00a0<strong>Vincenzo Balzani<\/strong>, Professore dell\u2019Universit\u00e0 di Bologna;\u00a0<strong>Paolo Lobetti Bodoni<\/strong>, Partner - Med Automotive & Transportation Leader di Ernst & Young;\u00a0<strong>Lorenzo Bertuccio<\/strong>, Presidente di Euromobility;\u00a0<strong>Giuseppina Gualtieri<\/strong>, Presidente Tper,\u00a0<strong>Isabella Malagoli<\/strong>, Direttore Commerciale e Marketing di Hera Comm;\u00a0<strong>Andrea Poggio<\/strong>, Segretario Nazionale di Legambiente;\u00a0<strong>Pietro Menga<\/strong>, Presidente di Cei Cives;\u00a0<strong>Mauro Tedeschini<\/strong>, giornalista di Vaielettrico.it e\u00a0<strong>Camillo Piazza<\/strong>, Presidente di Class Onlus.\n\u00a0\n<ul>\n \t<li><strong>MaaS e servizi innovativi per la mobilit\u00e0\u2028<\/strong><\/li>\n<\/ul>\n<em>Venerd\u00ec 21 settembre 2018 dalle ore 9.00 alle ore 13.30<\/em>\nIl secondo workshop avr\u00e0 come obiettivo quello di scoprire in che direzione sta andando la mobilit\u00e0 di oggi e quali sono i principali cambiamenti che sta subendo, a partire dai progetti in pipe del Comune di Bologna, per arrivare alle esperienze nazionali e internazionali di Mobility as a Service, passando dall\u2019impatto che le strategie di mobility management possono avere sulla mobilit\u00e0 urbana.\n<em>Hanno gi\u00e0 confermato la partecipazione:<\/em> <strong>Irene Priolo<\/strong>, Assessore alla Mobilit\u00e0 di Bologna;\u00a0<strong>Dino De Simon<\/strong>e, Assessore alla Sostenibilit\u00e0 di Varese;\u00a0<strong>Cleto Carlini<\/strong>, Direttore del Settore Mobilit\u00e0 del Comune di Bologna;\u00a0<strong>Luigi Contestabile<\/strong>, Direzione Stazioni di RFI;\u00a0<strong>Marco Monesi<\/strong>, Consigliere Metropolitano; <strong>Alessandro Delpiano<\/strong>, Direttore Area Mobilit\u00e0 della Citt\u00e0 Metropolitana di Bologna;\u00a0<strong>Roberto Battistini<\/strong>, Mobility Manager dell\u2019Universit\u00e0 di Bologna;\u00a0<strong>Alessandra Galeotti<\/strong>, Mobility Manager del Gruppo Hera;\u00a0<strong>Franco Sisto Malagrin\u00f2<\/strong>, Mobility Manager del Gruppo Unipol;\u00a0<strong>Samuel Sed Piazza<\/strong>, Country Manager di Moovit; <strong>Tommaso Bonino<\/strong>, Dirigente Coordinatore di SRM;\u00a0<strong>Daniela Pedrini<\/strong>, Direzione Progettazione, Sviluppo e Investimenti del Policlinico S. Orsola - Malpighi;\u00a0<strong>Luca Mantechini<\/strong>, Professore dell'Universit\u00e0 di Bologna,\u00a0<strong>Fabio Teti<\/strong>, Direttore Amministrazione Finanza e Controllo Tper\u00a0e\u00a0<strong>Raimondo Orsini<\/strong>, Coordinatore dell'Osservatorio Nazionale sulla Sharing Mobility.\n\u00a0\n<ul>\n \t<li><strong>Ma non \u00e8 tutto...<\/strong><\/li>\n<\/ul>\n<img class=\"size-medium wp-image-48244 alignleft\" src=\"https:\/\/emob2018.it\/wp-content\/uploads\/2018\/07\/bologna-piazza-maggiore-300x169.jpg\" alt=\"\" width=\"300\" height=\"169\" \/>Le numerose iniziative della Settimana Europea della Mobilit\u00e0 (programma coming soon), che quest\u2019anno si ispira al tema <em>\u201cMix and move!\u201d<\/em>,\u00a0culmineranno sabato 22 settembre in Piazza Maggiore, nella\u00a0<strong>Mobility Arena<\/strong>, un\u2019area espositiva in cui la cittadinanza potr\u00e0 conoscere e toccare con mano i progetti e le soluzioni pi\u00f9 innovative della citt\u00e0 sulla mobilit\u00e0 elettrica, condivisa e a basso impatto ambientale.\n\u00a0\n\u00a0\n<h4 style=\"text-align: center;\"><strong>Questo evento \u00e8 nato da:<\/strong><\/h4>\n<img class=\"wp-image-48252 size-medium aligncenter\" src=\"https:\/\/emob2018.it\/wp-content\/uploads\/2018\/07\/e-mob-2018-300x134.jpg\" alt=\"\" width=\"300\" height=\"134\" \/>\n<p style=\"text-align: center;\">Conferenza Nazionale della Mobilit\u00e0 Elettrica che si tiene ogni anno nella citt\u00e0 di Milano e promuove la Carta Metropolitana dell'Elettromobilit\u00e0. L'evento e_mob 2018 si svolger\u00e0 a Milano presso Piazza Citt\u00e0 di Lombardia nelle giornate 27-28-29 Settembre 2018.<\/p>","_et_gb_content_width":"","_exactmetrics_skip_tracking":false,"_exactmetrics_sitenote_active":false,"_exactmetrics_sitenote_note":"","_exactmetrics_sitenote_category":0,"footnotes":""},"categories":[15,16,334,26],"tags":[30,31,32,165,33],"yoast_head":"<!-- This site is optimized with the Yoast SEO plugin v22.9 - https:\/\/yoast.com\/wordpress\/plugins\/seo\/ -->\n<title>Bologna per la Mobilit\u00e0 Elettrica e Innovativa &#8226; e_mob<\/title>\n<meta name=\"description\" content=\"e_mob \u00e8 il tavolo permanente degli stakeholder della mobilit\u00e0 elettrica in Italia. Organizza ogni anno a Milano la Conferenza Nazionale del settore, nel 2021 in programma dal 16 al 19 ottobre.\" \/>\n<meta name=\"robots\" content=\"index, follow, max-snippet:-1, max-image-preview:large, max-video-preview:-1\" \/>\n<link rel=\"canonical\" href=\"https:\/\/emob-italia.it\/2018\/07\/27\/bologna-per-la-mobilita-elettrica-e-innovativa\/\" \/>\n<meta property=\"og:locale\" content=\"en_US\" \/>\n<meta property=\"og:type\" content=\"article\" \/>\n<meta property=\"og:title\" content=\"Bologna per la Mobilit\u00e0 Elettrica e Innovativa &#8226; e_mob\" \/>\n<meta property=\"og:description\" content=\"e_mob \u00e8 il tavolo permanente degli stakeholder della mobilit\u00e0 elettrica in Italia. Organizza ogni anno a Milano la Conferenza Nazionale del settore, nel 2021 in programma dal 16 al 19 ottobre.\" \/>\n<meta property=\"og:url\" content=\"https:\/\/emob-italia.it\/2018\/07\/27\/bologna-per-la-mobilita-elettrica-e-innovativa\/\" \/>\n<meta property=\"og:site_name\" content=\"e_mob\" \/>\n<meta property=\"article:publisher\" content=\"https:\/\/www.facebook.com\/emobitalia\/\" \/>\n<meta property=\"article:published_time\" content=\"2018-07-27T15:11:53+00:00\" \/>\n<meta property=\"article:modified_time\" content=\"2024-03-04T18:59:56+00:00\" \/>\n<meta property=\"og:image\" content=\"https:\/\/emob-italia.it\/wp-content\/uploads\/2018\/07\/comune-bologna.png\" \/>\n\t<meta property=\"og:image:width\" content=\"901\" \/>\n\t<meta property=\"og:image:height\" content=\"573\" \/>\n\t<meta property=\"og:image:type\" content=\"image\/png\" \/>\n<meta name=\"author\" content=\"Nadia Paglia\" \/>\n<meta name=\"twitter:label1\" content=\"Written by\" \/>\n\t<meta name=\"twitter:data1\" content=\"Nadia Paglia\" \/>\n\t<meta name=\"twitter:label2\" content=\"Est. reading time\" \/>\n\t<meta name=\"twitter:data2\" content=\"4 minutes\" \/>\n<script type=\"application\/ld+json\" class=\"yoast-schema-graph\">{\"@context\":\"https:\/\/schema.org\",\"@graph\":[{\"@type\":\"Article\",\"@id\":\"https:\/\/emob-italia.it\/2018\/07\/27\/bologna-per-la-mobilita-elettrica-e-innovativa\/#article\",\"isPartOf\":{\"@id\":\"https:\/\/emob-italia.it\/2018\/07\/27\/bologna-per-la-mobilita-elettrica-e-innovativa\/\"},\"author\":{\"name\":\"Nadia Paglia\",\"@id\":\"https:\/\/emob-italia.it\/#\/schema\/person\/e96f2fe472d4dcca75c9ca51f8951bc5\"},\"headline\":\"Bologna per la Mobilit\u00e0 Elettrica e Innovativa\",\"datePublished\":\"2018-07-27T15:11:53+00:00\",\"dateModified\":\"2024-03-04T18:59:56+00:00\",\"mainEntityOfPage\":{\"@id\":\"https:\/\/emob-italia.it\/2018\/07\/27\/bologna-per-la-mobilita-elettrica-e-innovativa\/\"},\"wordCount\":822,\"commentCount\":0,\"publisher\":{\"@id\":\"https:\/\/emob-italia.it\/#organization\"},\"image\":{\"@id\":\"https:\/\/emob-italia.it\/2018\/07\/27\/bologna-per-la-mobilita-elettrica-e-innovativa\/#primaryimage\"},\"thumbnailUrl\":\"https:\/\/emob-italia.it\/wp-content\/uploads\/2018\/07\/comune-bologna.png\",\"keywords\":[\"Bologna\",\"Camillo Piazza\",\"Class Onlus\",\"emob\",\"Hera\"],\"articleSection\":[\"#emob2018\",\"Eventi\",\"Luglio 2018\",\"Notizie\"],\"inLanguage\":\"en-US\",\"potentialAction\":[{\"@type\":\"CommentAction\",\"name\":\"Comment\",\"target\":[\"https:\/\/emob-italia.it\/2018\/07\/27\/bologna-per-la-mobilita-elettrica-e-innovativa\/#respond\"]}]},{\"@type\":\"WebPage\",\"@id\":\"https:\/\/emob-italia.it\/2018\/07\/27\/bologna-per-la-mobilita-elettrica-e-innovativa\/\",\"url\":\"https:\/\/emob-italia.it\/2018\/07\/27\/bologna-per-la-mobilita-elettrica-e-innovativa\/\",\"name\":\"Bologna per la Mobilit\u00e0 Elettrica e Innovativa &#8226; e_mob\",\"isPartOf\":{\"@id\":\"https:\/\/emob-italia.it\/#website\"},\"primaryImageOfPage\":{\"@id\":\"https:\/\/emob-italia.it\/2018\/07\/27\/bologna-per-la-mobilita-elettrica-e-innovativa\/#primaryimage\"},\"image\":{\"@id\":\"https:\/\/emob-italia.it\/2018\/07\/27\/bologna-per-la-mobilita-elettrica-e-innovativa\/#primaryimage\"},\"thumbnailUrl\":\"https:\/\/emob-italia.it\/wp-content\/uploads\/2018\/07\/comune-bologna.png\",\"datePublished\":\"2018-07-27T15:11:53+00:00\",\"dateModified\":\"2024-03-04T18:59:56+00:00\",\"description\":\"e_mob \u00e8 il tavolo permanente degli stakeholder della mobilit\u00e0 elettrica in Italia. Organizza ogni anno a Milano la Conferenza Nazionale del settore, nel 2021 in programma dal 16 al 19 ottobre.\",\"breadcrumb\":{\"@id\":\"https:\/\/emob-italia.it\/2018\/07\/27\/bologna-per-la-mobilita-elettrica-e-innovativa\/#breadcrumb\"},\"inLanguage\":\"en-US\",\"potentialAction\":[{\"@type\":\"ReadAction\",\"target\":[\"https:\/\/emob-italia.it\/2018\/07\/27\/bologna-per-la-mobilita-elettrica-e-innovativa\/\"]}]},{\"@type\":\"ImageObject\",\"inLanguage\":\"en-US\",\"@id\":\"https:\/\/emob-italia.it\/2018\/07\/27\/bologna-per-la-mobilita-elettrica-e-innovativa\/#primaryimage\",\"url\":\"https:\/\/emob-italia.it\/wp-content\/uploads\/2018\/07\/comune-bologna.png\",\"contentUrl\":\"https:\/\/emob-italia.it\/wp-content\/uploads\/2018\/07\/comune-bologna.png\",\"width\":901,\"height\":573},{\"@type\":\"BreadcrumbList\",\"@id\":\"https:\/\/emob-italia.it\/2018\/07\/27\/bologna-per-la-mobilita-elettrica-e-innovativa\/#breadcrumb\",\"itemListElement\":[{\"@type\":\"ListItem\",\"position\":1,\"name\":\"Home\",\"item\":\"https:\/\/emob-italia.it\/en\/\"},{\"@type\":\"ListItem\",\"position\":2,\"name\":\"Bologna per la Mobilit\u00e0 Elettrica e Innovativa\"}]},{\"@type\":\"WebSite\",\"@id\":\"https:\/\/emob-italia.it\/#website\",\"url\":\"https:\/\/emob-italia.it\/\",\"name\":\"e_mob\",\"description\":\"Mobilit\u00e0 Elettrica\",\"publisher\":{\"@id\":\"https:\/\/emob-italia.it\/#organization\"},\"potentialAction\":[{\"@type\":\"SearchAction\",\"target\":{\"@type\":\"EntryPoint\",\"urlTemplate\":\"https:\/\/emob-italia.it\/?s={search_term_string}\"},\"query-input\":\"required name=search_term_string\"}],\"inLanguage\":\"en-US\"},{\"@type\":\"Organization\",\"@id\":\"https:\/\/emob-italia.it\/#organization\",\"name\":\"Class Onlus\",\"url\":\"https:\/\/emob-italia.it\/\",\"logo\":{\"@type\":\"ImageObject\",\"inLanguage\":\"en-US\",\"@id\":\"https:\/\/emob-italia.it\/#\/schema\/logo\/image\/\",\"url\":\"https:\/\/emob-italia.it\/wp-content\/uploads\/2019\/03\/0_CLASS-ONLUS-logo-web.png\",\"contentUrl\":\"https:\/\/emob-italia.it\/wp-content\/uploads\/2019\/03\/0_CLASS-ONLUS-logo-web.png\",\"width\":598,\"height\":202,\"caption\":\"Class Onlus\"},\"image\":{\"@id\":\"https:\/\/emob-italia.it\/#\/schema\/logo\/image\/\"},\"sameAs\":[\"https:\/\/www.facebook.com\/emobitalia\/\",\"https:\/\/www.instagram.com\/e_mob_italia\/\",\"https:\/\/www.linkedin.com\/groups\/12186185\/\",\"https:\/\/www.youtube.com\/channel\/UCvnTcrhggAX_AkFwGxRfqFw\/featured?view_as=subscriber\"]},{\"@type\":\"Person\",\"@id\":\"https:\/\/emob-italia.it\/#\/schema\/person\/e96f2fe472d4dcca75c9ca51f8951bc5\",\"name\":\"Nadia Paglia\",\"image\":{\"@type\":\"ImageObject\",\"inLanguage\":\"en-US\",\"@id\":\"https:\/\/emob-italia.it\/#\/schema\/person\/image\/\",\"url\":\"https:\/\/secure.gravatar.com\/avatar\/02e0cd654df2106544e1a6f3ee921a91?s=96&r=g\",\"contentUrl\":\"https:\/\/secure.gravatar.com\/avatar\/02e0cd654df2106544e1a6f3ee921a91?s=96&r=g\",\"caption\":\"Nadia Paglia\"},\"url\":\"https:\/\/emob-italia.it\/en\/author\/nadia-paglia\/\"}]}<\/script>\n<!-- \/ Yoast SEO plugin. -->","yoast_head_json":{"title":"Bologna per la Mobilit\u00e0 Elettrica e Innovativa &#8226; e_mob","description":"e_mob \u00e8 il tavolo permanente degli stakeholder della mobilit\u00e0 elettrica in Italia. Organizza ogni anno a Milano la Conferenza Nazionale del settore, nel 2021 in programma dal 16 al 19 ottobre.","robots":{"index":"index","follow":"follow","max-snippet":"max-snippet:-1","max-image-preview":"max-image-preview:large","max-video-preview":"max-video-preview:-1"},"canonical":"https:\/\/emob-italia.it\/2018\/07\/27\/bologna-per-la-mobilita-elettrica-e-innovativa\/","og_locale":"en_US","og_type":"article","og_title":"Bologna per la Mobilit\u00e0 Elettrica e Innovativa &#8226; e_mob","og_description":"e_mob \u00e8 il tavolo permanente degli stakeholder della mobilit\u00e0 elettrica in Italia. Organizza ogni anno a Milano la Conferenza Nazionale del settore, nel 2021 in programma dal 16 al 19 ottobre.","og_url":"https:\/\/emob-italia.it\/2018\/07\/27\/bologna-per-la-mobilita-elettrica-e-innovativa\/","og_site_name":"e_mob","article_publisher":"https:\/\/www.facebook.com\/emobitalia\/","article_published_time":"2018-07-27T15:11:53+00:00","article_modified_time":"2024-03-04T18:59:56+00:00","og_image":[{"width":901,"height":573,"url":"https:\/\/emob-italia.it\/wp-content\/uploads\/2018\/07\/comune-bologna.png","type":"image\/png"}],"author":"Nadia Paglia","twitter_misc":{"Written by":"Nadia Paglia","Est. reading time":"4 minutes"},"schema":{"@context":"https:\/\/schema.org","@graph":[{"@type":"Article","@id":"https:\/\/emob-italia.it\/2018\/07\/27\/bologna-per-la-mobilita-elettrica-e-innovativa\/#article","isPartOf":{"@id":"https:\/\/emob-italia.it\/2018\/07\/27\/bologna-per-la-mobilita-elettrica-e-innovativa\/"},"author":{"name":"Nadia Paglia","@id":"https:\/\/emob-italia.it\/#\/schema\/person\/e96f2fe472d4dcca75c9ca51f8951bc5"},"headline":"Bologna per la Mobilit\u00e0 Elettrica e Innovativa","datePublished":"2018-07-27T15:11:53+00:00","dateModified":"2024-03-04T18:59:56+00:00","mainEntityOfPage":{"@id":"https:\/\/emob-italia.it\/2018\/07\/27\/bologna-per-la-mobilita-elettrica-e-innovativa\/"},"wordCount":822,"commentCount":0,"publisher":{"@id":"https:\/\/emob-italia.it\/#organization"},"image":{"@id":"https:\/\/emob-italia.it\/2018\/07\/27\/bologna-per-la-mobilita-elettrica-e-innovativa\/#primaryimage"},"thumbnailUrl":"https:\/\/emob-italia.it\/wp-content\/uploads\/2018\/07\/comune-bologna.png","keywords":["Bologna","Camillo Piazza","Class Onlus","emob","Hera"],"articleSection":["#emob2018","Eventi","Luglio 2018","Notizie"],"inLanguage":"en-US","potentialAction":[{"@type":"CommentAction","name":"Comment","target":["https:\/\/emob-italia.it\/2018\/07\/27\/bologna-per-la-mobilita-elettrica-e-innovativa\/#respond"]}]},{"@type":"WebPage","@id":"https:\/\/emob-italia.it\/2018\/07\/27\/bologna-per-la-mobilita-elettrica-e-innovativa\/","url":"https:\/\/emob-italia.it\/2018\/07\/27\/bologna-per-la-mobilita-elettrica-e-innovativa\/","name":"Bologna per la Mobilit\u00e0 Elettrica e Innovativa &#8226; e_mob","isPartOf":{"@id":"https:\/\/emob-italia.it\/#website"},"primaryImageOfPage":{"@id":"https:\/\/emob-italia.it\/2018\/07\/27\/bologna-per-la-mobilita-elettrica-e-innovativa\/#primaryimage"},"image":{"@id":"https:\/\/emob-italia.it\/2018\/07\/27\/bologna-per-la-mobilita-elettrica-e-innovativa\/#primaryimage"},"thumbnailUrl":"https:\/\/emob-italia.it\/wp-content\/uploads\/2018\/07\/comune-bologna.png","datePublished":"2018-07-27T15:11:53+00:00","dateModified":"2024-03-04T18:59:56+00:00","description":"e_mob \u00e8 il tavolo permanente degli stakeholder della mobilit\u00e0 elettrica in Italia. Organizza ogni anno a Milano la Conferenza Nazionale del settore, nel 2021 in programma dal 16 al 19 ottobre.","breadcrumb":{"@id":"https:\/\/emob-italia.it\/2018\/07\/27\/bologna-per-la-mobilita-elettrica-e-innovativa\/#breadcrumb"},"inLanguage":"en-US","potentialAction":[{"@type":"ReadAction","target":["https:\/\/emob-italia.it\/2018\/07\/27\/bologna-per-la-mobilita-elettrica-e-innovativa\/"]}]},{"@type":"ImageObject","inLanguage":"en-US","@id":"https:\/\/emob-italia.it\/2018\/07\/27\/bologna-per-la-mobilita-elettrica-e-innovativa\/#primaryimage","url":"https:\/\/emob-italia.it\/wp-content\/uploads\/2018\/07\/comune-bologna.png","contentUrl":"https:\/\/emob-italia.it\/wp-content\/uploads\/2018\/07\/comune-bologna.png","width":901,"height":573},{"@type":"BreadcrumbList","@id":"https:\/\/emob-italia.it\/2018\/07\/27\/bologna-per-la-mobilita-elettrica-e-innovativa\/#breadcrumb","itemListElement":[{"@type":"ListItem","position":1,"name":"Home","item":"https:\/\/emob-italia.it\/en\/"},{"@type":"ListItem","position":2,"name":"Bologna per la Mobilit\u00e0 Elettrica e Innovativa"}]},{"@type":"WebSite","@id":"https:\/\/emob-italia.it\/#website","url":"https:\/\/emob-italia.it\/","name":"e_mob","description":"Mobilit\u00e0 Elettrica","publisher":{"@id":"https:\/\/emob-italia.it\/#organization"},"potentialAction":[{"@type":"SearchAction","target":{"@type":"EntryPoint","urlTemplate":"https:\/\/emob-italia.it\/?s={search_term_string}"},"query-input":"required name=search_term_string"}],"inLanguage":"en-US"},{"@type":"Organization","@id":"https:\/\/emob-italia.it\/#organization","name":"Class Onlus","url":"https:\/\/emob-italia.it\/","logo":{"@type":"ImageObject","inLanguage":"en-US","@id":"https:\/\/emob-italia.it\/#\/schema\/logo\/image\/","url":"https:\/\/emob-italia.it\/wp-content\/uploads\/2019\/03\/0_CLASS-ONLUS-logo-web.png","contentUrl":"https:\/\/emob-italia.it\/wp-content\/uploads\/2019\/03\/0_CLASS-ONLUS-logo-web.png","width":598,"height":202,"caption":"Class Onlus"},"image":{"@id":"https:\/\/emob-italia.it\/#\/schema\/logo\/image\/"},"sameAs":["https:\/\/www.facebook.com\/emobitalia\/","https:\/\/www.instagram.com\/e_mob_italia\/","https:\/\/www.linkedin.com\/groups\/12186185\/","https:\/\/www.youtube.com\/channel\/UCvnTcrhggAX_AkFwGxRfqFw\/featured?view_as=subscriber"]},{"@type":"Person","@id":"https:\/\/emob-italia.it\/#\/schema\/person\/e96f2fe472d4dcca75c9ca51f8951bc5","name":"Nadia Paglia","image":{"@type":"ImageObject","inLanguage":"en-US","@id":"https:\/\/emob-italia.it\/#\/schema\/person\/image\/","url":"https:\/\/secure.gravatar.com\/avatar\/02e0cd654df2106544e1a6f3ee921a91?s=96&r=g","contentUrl":"https:\/\/secure.gravatar.com\/avatar\/02e0cd654df2106544e1a6f3ee921a91?s=96&r=g","caption":"Nadia Paglia"},"url":"https:\/\/emob-italia.it\/en\/author\/nadia-paglia\/"}]}},"_links":{"self":[{"href":"https:\/\/emob-italia.it\/en\/wp-json\/wp\/v2\/posts\/48232"}],"collection":[{"href":"https:\/\/emob-italia.it\/en\/wp-json\/wp\/v2\/posts"}],"about":[{"href":"https:\/\/emob-italia.it\/en\/wp-json\/wp\/v2\/types\/post"}],"author":[{"embeddable":true,"href":"https:\/\/emob-italia.it\/en\/wp-json\/wp\/v2\/users\/2"}],"replies":[{"embeddable":true,"href":"https:\/\/emob-italia.it\/en\/wp-json\/wp\/v2\/comments?post=48232"}],"version-history":[{"count":1,"href":"https:\/\/emob-italia.it\/en\/wp-json\/wp\/v2\/posts\/48232\/revisions"}],"predecessor-version":[{"id":64008,"href":"https:\/\/emob-italia.it\/en\/wp-json\/wp\/v2\/posts\/48232\/revisions\/64008"}],"wp:featuredmedia":[{"embeddable":true,"href":"https:\/\/emob-italia.it\/en\/wp-json\/wp\/v2\/media\/51734"}],"wp:attachment":[{"href":"https:\/\/emob-italia.it\/en\/wp-json\/wp\/v2\/media?parent=48232"}],"wp:term":[{"taxonomy":"category","embeddable":true,"href":"https:\/\/emob-italia.it\/en\/wp-json\/wp\/v2\/categories?post=48232"},{"taxonomy":"post_tag","embeddable":true,"href":"https:\/\/emob-italia.it\/en\/wp-json\/wp\/v2\/tags?post=48232"}],"curies":[{"name":"wp","href":"https:\/\/api.w.org\/{rel}","templated":true}]}}