{"id":47783,"date":"2018-06-30T18:00:02","date_gmt":"2018-06-30T16:00:02","guid":{"rendered":"https:\/\/emob2018.it\/?p=47783"},"modified":"2024-03-04T19:59:45","modified_gmt":"2024-03-04T18:59:45","slug":"una-road-map-per-la-mobilita-sostenibile","status":"publish","type":"post","link":"https:\/\/emob-italia.it\/en\/2018\/06\/30\/una-road-map-per-la-mobilita-sostenibile\/","title":{"rendered":"Una road map per la mobilit\u00e0 sostenibile"},"content":{"rendered":"<p>[et_pb_section bb_built=&#8221;1&#8243;][et_pb_row][et_pb_column type=&#8221;4_4&#8243;][et_pb_text _builder_version=&#8221;3.9&#8243;]<br \/>\nIn Italia abbiamo moltissimi detrattori della #Mobilit\u00e0Elettrica. Non si capisce come mai c&#8217;\u00e8 gente che utilizza i dati scientifici per confutare una tesi contraria alla realt\u00e0: #Mobilit\u00e0Elettrica = #Mobilit\u00e0Sostenibile.<br \/>\nPer fortuna c&#8217;\u00e8 chi, come\u00a0<a href=\"https:\/\/it.wikipedia.org\/wiki\/Raffaele_Tiscar\">Raffaele Tiscar<\/a>, accoglie i dati scientifici per quello che sono: indicatori necessari per l&#8217;individuazione delle problematiche e un valido contributo per il monitoraggio dei risultati delle politiche applicate.<br \/>\nE&#8217; con questo spirito che viene presentato da Tiscar stesso il documento &#8220;Elementi per una roadmap della mobilit\u00e0 sostenibile&#8221;. Con grafici semplici e comparativi, da la possibilit\u00e0 a chiunque di rendersi conto dello stato di fatto delle emissioni climalteranti, del contributo &#8220;antripico&#8221; e del ruolo della mobilit\u00e0.<br \/>\nSoffermandoci sulla mobilit\u00e0, che durante le tre giornate di e_mob edizone 2018 verr\u00e0 accentrata sull&#8217;elettrico, le ricerche scientifiche analizzano gli scenari e gli impatti di soluzioni che gi\u00e0 in altri paesi stanno portando i primi frutti.<br \/>\nTanti motivi, non solo ambientali, ma anche di sviluppo di nuove filiere.<br \/>\nLasciamo al lettore il documento di presentazione gentilmente rilasciato da Raffaele Tiscar, che ringraziamo della sua disponibilit\u00e0 attiva e concreta per il miglioramento della vita e della salute pubblica.<br \/>\n[\/et_pb_text][\/et_pb_column][\/et_pb_row][et_pb_row][et_pb_column type=&#8221;1_3&#8243;][\/et_pb_column][et_pb_column type=&#8221;1_3&#8243;][et_pb_cta _builder_version=&#8221;3.9&#8243; title=&#8221;Presentazione Elementi per una roadmap della mobilit\u00e0 sostenibile&#8221; button_text=&#8221;scarica&#8221; background_color=&#8221;#0c71c3&#8243; button_url=&#8221;https:\/\/emob2018.it\/wp-content\/uploads\/2018\/07\/road-map-mobilit\u00e0_pages_deleted.pdf&#8221; \/][\/et_pb_column][et_pb_column type=&#8221;1_3&#8243;][\/et_pb_column][\/et_pb_row][\/et_pb_section]<\/p>\n","protected":false},"excerpt":{"rendered":"<p><div class=\"et_pb_row et_pb_row_0 et_pb_row_empty\">\n\t\t\t\t\n\t\t\t\t\n\t\t\t\t\n\t\t\t\t\n\t\t\t\t\n\t\t\t<\/div> In Italia abbiamo moltissimi detrattori della #Mobilit\u00e0Elettrica. Non si capisce come mai c&#8217;\u00e8 gente che utilizza i dati scientifici per confutare una tesi contraria alla realt\u00e0: #Mobilit\u00e0Elettrica = #Mobilit\u00e0Sostenibile. Per fortuna c&#8217;\u00e8 chi, come\u00a0Raffaele Tiscar, accoglie i dati scientifici per quello che sono: indicatori necessari per l&#8217;individuazione delle problematiche e un valido contributo per [&hellip;]<\/p>\n","protected":false},"author":2,"featured_media":51740,"comment_status":"open","ping_status":"open","sticky":false,"template":"","format":"standard","meta":{"_et_pb_use_builder":"on","_et_pb_old_content":"","_et_gb_content_width":"","_exactmetrics_skip_tracking":false,"_exactmetrics_sitenote_active":false,"_exactmetrics_sitenote_note":"","_exactmetrics_sitenote_category":0,"footnotes":""},"categories":[15,74,235,335],"tags":[29,165],"yoast_head":"<!-- This site is optimized with the Yoast SEO plugin v22.9 - https:\/\/yoast.com\/wordpress\/plugins\/seo\/ -->\n<title>Una road map per la mobilit\u00e0 sostenibile &#8226; e_mob<\/title>\n<meta name=\"description\" content=\"e_mob \u00e8 il tavolo permanente degli stakeholder della mobilit\u00e0 elettrica in Italia. Organizza ogni anno a Milano la Conferenza Nazionale del settore, nel 2021 in programma dal 16 al 19 ottobre.\" \/>\n<meta name=\"robots\" content=\"index, follow, max-snippet:-1, max-image-preview:large, max-video-preview:-1\" \/>\n<link rel=\"canonical\" href=\"https:\/\/emob-italia.it\/2018\/06\/30\/una-road-map-per-la-mobilita-sostenibile\/\" \/>\n<meta property=\"og:locale\" content=\"en_US\" \/>\n<meta property=\"og:type\" content=\"article\" \/>\n<meta property=\"og:title\" content=\"Una road map per la mobilit\u00e0 sostenibile &#8226; e_mob\" \/>\n<meta property=\"og:description\" content=\"e_mob \u00e8 il tavolo permanente degli stakeholder della mobilit\u00e0 elettrica in Italia. Organizza ogni anno a Milano la Conferenza Nazionale del settore, nel 2021 in programma dal 16 al 19 ottobre.\" \/>\n<meta property=\"og:url\" content=\"https:\/\/emob-italia.it\/2018\/06\/30\/una-road-map-per-la-mobilita-sostenibile\/\" \/>\n<meta property=\"og:site_name\" content=\"e_mob\" \/>\n<meta property=\"article:publisher\" content=\"https:\/\/www.facebook.com\/emobitalia\/\" \/>\n<meta property=\"article:published_time\" content=\"2018-06-30T16:00:02+00:00\" \/>\n<meta property=\"article:modified_time\" content=\"2024-03-04T18:59:45+00:00\" \/>\n<meta property=\"og:image\" content=\"https:\/\/emob-italia.it\/wp-content\/uploads\/2018\/06\/Atti-Convegni-roadmap-tiscar2.jpg\" \/>\n\t<meta property=\"og:image:width\" content=\"1200\" \/>\n\t<meta property=\"og:image:height\" content=\"630\" \/>\n\t<meta property=\"og:image:type\" content=\"image\/jpeg\" \/>\n<meta name=\"author\" content=\"Nadia Paglia\" \/>\n<meta name=\"twitter:label1\" content=\"Written by\" \/>\n\t<meta name=\"twitter:data1\" content=\"Nadia Paglia\" \/>\n\t<meta name=\"twitter:label2\" content=\"Est. reading time\" \/>\n\t<meta name=\"twitter:data2\" content=\"1 minute\" \/>\n<script type=\"application\/ld+json\" class=\"yoast-schema-graph\">{\"@context\":\"https:\/\/schema.org\",\"@graph\":[{\"@type\":\"Article\",\"@id\":\"https:\/\/emob-italia.it\/2018\/06\/30\/una-road-map-per-la-mobilita-sostenibile\/#article\",\"isPartOf\":{\"@id\":\"https:\/\/emob-italia.it\/2018\/06\/30\/una-road-map-per-la-mobilita-sostenibile\/\"},\"author\":{\"name\":\"Nadia Paglia\",\"@id\":\"https:\/\/emob-italia.it\/#\/schema\/person\/e96f2fe472d4dcca75c9ca51f8951bc5\"},\"headline\":\"Una road map per la mobilit\u00e0 sostenibile\",\"datePublished\":\"2018-06-30T16:00:02+00:00\",\"dateModified\":\"2024-03-04T18:59:45+00:00\",\"mainEntityOfPage\":{\"@id\":\"https:\/\/emob-italia.it\/2018\/06\/30\/una-road-map-per-la-mobilita-sostenibile\/\"},\"wordCount\":285,\"commentCount\":0,\"publisher\":{\"@id\":\"https:\/\/emob-italia.it\/#organization\"},\"image\":{\"@id\":\"https:\/\/emob-italia.it\/2018\/06\/30\/una-road-map-per-la-mobilita-sostenibile\/#primaryimage\"},\"thumbnailUrl\":\"https:\/\/emob-italia.it\/wp-content\/uploads\/2018\/06\/Atti-Convegni-roadmap-tiscar2.jpg\",\"keywords\":[\"conferenza\",\"emob\"],\"articleSection\":[\"#emob2018\",\"Atti dei Convegni\",\"emo2018\",\"Giugno 2018\"],\"inLanguage\":\"en-US\",\"potentialAction\":[{\"@type\":\"CommentAction\",\"name\":\"Comment\",\"target\":[\"https:\/\/emob-italia.it\/2018\/06\/30\/una-road-map-per-la-mobilita-sostenibile\/#respond\"]}]},{\"@type\":\"WebPage\",\"@id\":\"https:\/\/emob-italia.it\/2018\/06\/30\/una-road-map-per-la-mobilita-sostenibile\/\",\"url\":\"https:\/\/emob-italia.it\/2018\/06\/30\/una-road-map-per-la-mobilita-sostenibile\/\",\"name\":\"Una road map per la mobilit\u00e0 sostenibile &#8226; e_mob\",\"isPartOf\":{\"@id\":\"https:\/\/emob-italia.it\/#website\"},\"primaryImageOfPage\":{\"@id\":\"https:\/\/emob-italia.it\/2018\/06\/30\/una-road-map-per-la-mobilita-sostenibile\/#primaryimage\"},\"image\":{\"@id\":\"https:\/\/emob-italia.it\/2018\/06\/30\/una-road-map-per-la-mobilita-sostenibile\/#primaryimage\"},\"thumbnailUrl\":\"https:\/\/emob-italia.it\/wp-content\/uploads\/2018\/06\/Atti-Convegni-roadmap-tiscar2.jpg\",\"datePublished\":\"2018-06-30T16:00:02+00:00\",\"dateModified\":\"2024-03-04T18:59:45+00:00\",\"description\":\"e_mob \u00e8 il tavolo permanente degli stakeholder della mobilit\u00e0 elettrica in Italia. Organizza ogni anno a Milano la Conferenza Nazionale del settore, nel 2021 in programma dal 16 al 19 ottobre.\",\"breadcrumb\":{\"@id\":\"https:\/\/emob-italia.it\/2018\/06\/30\/una-road-map-per-la-mobilita-sostenibile\/#breadcrumb\"},\"inLanguage\":\"en-US\",\"potentialAction\":[{\"@type\":\"ReadAction\",\"target\":[\"https:\/\/emob-italia.it\/2018\/06\/30\/una-road-map-per-la-mobilita-sostenibile\/\"]}]},{\"@type\":\"ImageObject\",\"inLanguage\":\"en-US\",\"@id\":\"https:\/\/emob-italia.it\/2018\/06\/30\/una-road-map-per-la-mobilita-sostenibile\/#primaryimage\",\"url\":\"https:\/\/emob-italia.it\/wp-content\/uploads\/2018\/06\/Atti-Convegni-roadmap-tiscar2.jpg\",\"contentUrl\":\"https:\/\/emob-italia.it\/wp-content\/uploads\/2018\/06\/Atti-Convegni-roadmap-tiscar2.jpg\",\"width\":1200,\"height\":630},{\"@type\":\"BreadcrumbList\",\"@id\":\"https:\/\/emob-italia.it\/2018\/06\/30\/una-road-map-per-la-mobilita-sostenibile\/#breadcrumb\",\"itemListElement\":[{\"@type\":\"ListItem\",\"position\":1,\"name\":\"Home\",\"item\":\"https:\/\/emob-italia.it\/en\/\"},{\"@type\":\"ListItem\",\"position\":2,\"name\":\"Una road map per la mobilit\u00e0 sostenibile\"}]},{\"@type\":\"WebSite\",\"@id\":\"https:\/\/emob-italia.it\/#website\",\"url\":\"https:\/\/emob-italia.it\/\",\"name\":\"e_mob\",\"description\":\"Mobilit\u00e0 Elettrica\",\"publisher\":{\"@id\":\"https:\/\/emob-italia.it\/#organization\"},\"potentialAction\":[{\"@type\":\"SearchAction\",\"target\":{\"@type\":\"EntryPoint\",\"urlTemplate\":\"https:\/\/emob-italia.it\/?s={search_term_string}\"},\"query-input\":\"required name=search_term_string\"}],\"inLanguage\":\"en-US\"},{\"@type\":\"Organization\",\"@id\":\"https:\/\/emob-italia.it\/#organization\",\"name\":\"Class Onlus\",\"url\":\"https:\/\/emob-italia.it\/\",\"logo\":{\"@type\":\"ImageObject\",\"inLanguage\":\"en-US\",\"@id\":\"https:\/\/emob-italia.it\/#\/schema\/logo\/image\/\",\"url\":\"https:\/\/emob-italia.it\/wp-content\/uploads\/2019\/03\/0_CLASS-ONLUS-logo-web.png\",\"contentUrl\":\"https:\/\/emob-italia.it\/wp-content\/uploads\/2019\/03\/0_CLASS-ONLUS-logo-web.png\",\"width\":598,\"height\":202,\"caption\":\"Class Onlus\"},\"image\":{\"@id\":\"https:\/\/emob-italia.it\/#\/schema\/logo\/image\/\"},\"sameAs\":[\"https:\/\/www.facebook.com\/emobitalia\/\",\"https:\/\/www.instagram.com\/e_mob_italia\/\",\"https:\/\/www.linkedin.com\/groups\/12186185\/\",\"https:\/\/www.youtube.com\/channel\/UCvnTcrhggAX_AkFwGxRfqFw\/featured?view_as=subscriber\"]},{\"@type\":\"Person\",\"@id\":\"https:\/\/emob-italia.it\/#\/schema\/person\/e96f2fe472d4dcca75c9ca51f8951bc5\",\"name\":\"Nadia Paglia\",\"image\":{\"@type\":\"ImageObject\",\"inLanguage\":\"en-US\",\"@id\":\"https:\/\/emob-italia.it\/#\/schema\/person\/image\/\",\"url\":\"https:\/\/secure.gravatar.com\/avatar\/02e0cd654df2106544e1a6f3ee921a91?s=96&r=g\",\"contentUrl\":\"https:\/\/secure.gravatar.com\/avatar\/02e0cd654df2106544e1a6f3ee921a91?s=96&r=g\",\"caption\":\"Nadia Paglia\"},\"url\":\"https:\/\/emob-italia.it\/en\/author\/nadia-paglia\/\"}]}<\/script>\n<!-- \/ Yoast SEO plugin. -->","yoast_head_json":{"title":"Una road map per la mobilit\u00e0 sostenibile &#8226; e_mob","description":"e_mob \u00e8 il tavolo permanente degli stakeholder della mobilit\u00e0 elettrica in Italia. Organizza ogni anno a Milano la Conferenza Nazionale del settore, nel 2021 in programma dal 16 al 19 ottobre.","robots":{"index":"index","follow":"follow","max-snippet":"max-snippet:-1","max-image-preview":"max-image-preview:large","max-video-preview":"max-video-preview:-1"},"canonical":"https:\/\/emob-italia.it\/2018\/06\/30\/una-road-map-per-la-mobilita-sostenibile\/","og_locale":"en_US","og_type":"article","og_title":"Una road map per la mobilit\u00e0 sostenibile &#8226; e_mob","og_description":"e_mob \u00e8 il tavolo permanente degli stakeholder della mobilit\u00e0 elettrica in Italia. Organizza ogni anno a Milano la Conferenza Nazionale del settore, nel 2021 in programma dal 16 al 19 ottobre.","og_url":"https:\/\/emob-italia.it\/2018\/06\/30\/una-road-map-per-la-mobilita-sostenibile\/","og_site_name":"e_mob","article_publisher":"https:\/\/www.facebook.com\/emobitalia\/","article_published_time":"2018-06-30T16:00:02+00:00","article_modified_time":"2024-03-04T18:59:45+00:00","og_image":[{"width":1200,"height":630,"url":"https:\/\/emob-italia.it\/wp-content\/uploads\/2018\/06\/Atti-Convegni-roadmap-tiscar2.jpg","type":"image\/jpeg"}],"author":"Nadia Paglia","twitter_misc":{"Written by":"Nadia Paglia","Est. reading time":"1 minute"},"schema":{"@context":"https:\/\/schema.org","@graph":[{"@type":"Article","@id":"https:\/\/emob-italia.it\/2018\/06\/30\/una-road-map-per-la-mobilita-sostenibile\/#article","isPartOf":{"@id":"https:\/\/emob-italia.it\/2018\/06\/30\/una-road-map-per-la-mobilita-sostenibile\/"},"author":{"name":"Nadia Paglia","@id":"https:\/\/emob-italia.it\/#\/schema\/person\/e96f2fe472d4dcca75c9ca51f8951bc5"},"headline":"Una road map per la mobilit\u00e0 sostenibile","datePublished":"2018-06-30T16:00:02+00:00","dateModified":"2024-03-04T18:59:45+00:00","mainEntityOfPage":{"@id":"https:\/\/emob-italia.it\/2018\/06\/30\/una-road-map-per-la-mobilita-sostenibile\/"},"wordCount":285,"commentCount":0,"publisher":{"@id":"https:\/\/emob-italia.it\/#organization"},"image":{"@id":"https:\/\/emob-italia.it\/2018\/06\/30\/una-road-map-per-la-mobilita-sostenibile\/#primaryimage"},"thumbnailUrl":"https:\/\/emob-italia.it\/wp-content\/uploads\/2018\/06\/Atti-Convegni-roadmap-tiscar2.jpg","keywords":["conferenza","emob"],"articleSection":["#emob2018","Atti dei Convegni","emo2018","Giugno 2018"],"inLanguage":"en-US","potentialAction":[{"@type":"CommentAction","name":"Comment","target":["https:\/\/emob-italia.it\/2018\/06\/30\/una-road-map-per-la-mobilita-sostenibile\/#respond"]}]},{"@type":"WebPage","@id":"https:\/\/emob-italia.it\/2018\/06\/30\/una-road-map-per-la-mobilita-sostenibile\/","url":"https:\/\/emob-italia.it\/2018\/06\/30\/una-road-map-per-la-mobilita-sostenibile\/","name":"Una road map per la mobilit\u00e0 sostenibile &#8226; e_mob","isPartOf":{"@id":"https:\/\/emob-italia.it\/#website"},"primaryImageOfPage":{"@id":"https:\/\/emob-italia.it\/2018\/06\/30\/una-road-map-per-la-mobilita-sostenibile\/#primaryimage"},"image":{"@id":"https:\/\/emob-italia.it\/2018\/06\/30\/una-road-map-per-la-mobilita-sostenibile\/#primaryimage"},"thumbnailUrl":"https:\/\/emob-italia.it\/wp-content\/uploads\/2018\/06\/Atti-Convegni-roadmap-tiscar2.jpg","datePublished":"2018-06-30T16:00:02+00:00","dateModified":"2024-03-04T18:59:45+00:00","description":"e_mob \u00e8 il tavolo permanente degli stakeholder della mobilit\u00e0 elettrica in Italia. Organizza ogni anno a Milano la Conferenza Nazionale del settore, nel 2021 in programma dal 16 al 19 ottobre.","breadcrumb":{"@id":"https:\/\/emob-italia.it\/2018\/06\/30\/una-road-map-per-la-mobilita-sostenibile\/#breadcrumb"},"inLanguage":"en-US","potentialAction":[{"@type":"ReadAction","target":["https:\/\/emob-italia.it\/2018\/06\/30\/una-road-map-per-la-mobilita-sostenibile\/"]}]},{"@type":"ImageObject","inLanguage":"en-US","@id":"https:\/\/emob-italia.it\/2018\/06\/30\/una-road-map-per-la-mobilita-sostenibile\/#primaryimage","url":"https:\/\/emob-italia.it\/wp-content\/uploads\/2018\/06\/Atti-Convegni-roadmap-tiscar2.jpg","contentUrl":"https:\/\/emob-italia.it\/wp-content\/uploads\/2018\/06\/Atti-Convegni-roadmap-tiscar2.jpg","width":1200,"height":630},{"@type":"BreadcrumbList","@id":"https:\/\/emob-italia.it\/2018\/06\/30\/una-road-map-per-la-mobilita-sostenibile\/#breadcrumb","itemListElement":[{"@type":"ListItem","position":1,"name":"Home","item":"https:\/\/emob-italia.it\/en\/"},{"@type":"ListItem","position":2,"name":"Una road map per la mobilit\u00e0 sostenibile"}]},{"@type":"WebSite","@id":"https:\/\/emob-italia.it\/#website","url":"https:\/\/emob-italia.it\/","name":"e_mob","description":"Mobilit\u00e0 Elettrica","publisher":{"@id":"https:\/\/emob-italia.it\/#organization"},"potentialAction":[{"@type":"SearchAction","target":{"@type":"EntryPoint","urlTemplate":"https:\/\/emob-italia.it\/?s={search_term_string}"},"query-input":"required name=search_term_string"}],"inLanguage":"en-US"},{"@type":"Organization","@id":"https:\/\/emob-italia.it\/#organization","name":"Class Onlus","url":"https:\/\/emob-italia.it\/","logo":{"@type":"ImageObject","inLanguage":"en-US","@id":"https:\/\/emob-italia.it\/#\/schema\/logo\/image\/","url":"https:\/\/emob-italia.it\/wp-content\/uploads\/2019\/03\/0_CLASS-ONLUS-logo-web.png","contentUrl":"https:\/\/emob-italia.it\/wp-content\/uploads\/2019\/03\/0_CLASS-ONLUS-logo-web.png","width":598,"height":202,"caption":"Class Onlus"},"image":{"@id":"https:\/\/emob-italia.it\/#\/schema\/logo\/image\/"},"sameAs":["https:\/\/www.facebook.com\/emobitalia\/","https:\/\/www.instagram.com\/e_mob_italia\/","https:\/\/www.linkedin.com\/groups\/12186185\/","https:\/\/www.youtube.com\/channel\/UCvnTcrhggAX_AkFwGxRfqFw\/featured?view_as=subscriber"]},{"@type":"Person","@id":"https:\/\/emob-italia.it\/#\/schema\/person\/e96f2fe472d4dcca75c9ca51f8951bc5","name":"Nadia Paglia","image":{"@type":"ImageObject","inLanguage":"en-US","@id":"https:\/\/emob-italia.it\/#\/schema\/person\/image\/","url":"https:\/\/secure.gravatar.com\/avatar\/02e0cd654df2106544e1a6f3ee921a91?s=96&r=g","contentUrl":"https:\/\/secure.gravatar.com\/avatar\/02e0cd654df2106544e1a6f3ee921a91?s=96&r=g","caption":"Nadia Paglia"},"url":"https:\/\/emob-italia.it\/en\/author\/nadia-paglia\/"}]}},"_links":{"self":[{"href":"https:\/\/emob-italia.it\/en\/wp-json\/wp\/v2\/posts\/47783"}],"collection":[{"href":"https:\/\/emob-italia.it\/en\/wp-json\/wp\/v2\/posts"}],"about":[{"href":"https:\/\/emob-italia.it\/en\/wp-json\/wp\/v2\/types\/post"}],"author":[{"embeddable":true,"href":"https:\/\/emob-italia.it\/en\/wp-json\/wp\/v2\/users\/2"}],"replies":[{"embeddable":true,"href":"https:\/\/emob-italia.it\/en\/wp-json\/wp\/v2\/comments?post=47783"}],"version-history":[{"count":1,"href":"https:\/\/emob-italia.it\/en\/wp-json\/wp\/v2\/posts\/47783\/revisions"}],"predecessor-version":[{"id":64006,"href":"https:\/\/emob-italia.it\/en\/wp-json\/wp\/v2\/posts\/47783\/revisions\/64006"}],"wp:featuredmedia":[{"embeddable":true,"href":"https:\/\/emob-italia.it\/en\/wp-json\/wp\/v2\/media\/51740"}],"wp:attachment":[{"href":"https:\/\/emob-italia.it\/en\/wp-json\/wp\/v2\/media?parent=47783"}],"wp:term":[{"taxonomy":"category","embeddable":true,"href":"https:\/\/emob-italia.it\/en\/wp-json\/wp\/v2\/categories?post=47783"},{"taxonomy":"post_tag","embeddable":true,"href":"https:\/\/emob-italia.it\/en\/wp-json\/wp\/v2\/tags?post=47783"}],"curies":[{"name":"wp","href":"https:\/\/api.w.org\/{rel}","templated":true}]}}