{"id":47697,"date":"2018-06-22T12:06:39","date_gmt":"2018-06-22T12:06:39","guid":{"rendered":"https:\/\/emob2018.it\/?p=47697"},"modified":"2024-03-04T19:59:31","modified_gmt":"2024-03-04T18:59:31","slug":"gli-stand-dellevento","status":"publish","type":"post","link":"https:\/\/emob-italia.it\/en\/2018\/06\/22\/gli-stand-dellevento\/","title":{"rendered":"Gli stand dell&#039;evento"},"content":{"rendered":"<p>[et_pb_section bb_built=&#8221;1&#8243; _builder_version=&#8221;3.0.47&#8243;][et_pb_row][et_pb_column type=&#8221;4_4&#8243;][et_pb_text _builder_version=&#8221;3.8&#8243;]<br \/>\nGrande spazio viene dato ai protagonisti indiscussi della mobilit\u00e0 elettrica: i veicoli privati. Non mancheranno grandi sorprese di nuovi prospettive elettriche come la nautica. Per maggiori informazioni iscriviti compilato il format in <a href=\"https:\/\/emob2018.it\">home page<\/a>\u00a0e riceverai le newsletter.<br \/>\n[\/et_pb_text][et_pb_image src=&#8221;https:\/\/emob2018.it\/wp-content\/uploads\/2018\/06\/Ipotesi-stand-nella-piazza.jpg&#8221; _builder_version=&#8221;3.8&#8243; \/][et_pb_text _builder_version=&#8221;3.8&#8243;]<br \/>\nCi piace essere al passo coi tempi, ci piace rispettare l&#8217;ambiente, ci piace che le persone apprezzino ci\u00f2 che facciamo e le motivazioni per le quali mettiamo tanta passione. Per questo motivo abbiamo deciso di mostrarvi, in anteprima, con che etica muoviamo i nostri passi all&#8217;interno della #Mobilit\u00e0Sostenibile = #Mobilit\u00e0Elettrica: materiali il pi\u00f9 sostenibili possibile che abbiano forti riferimenti all&#8217;ambiente.<br \/>\n[\/et_pb_text][et_pb_image src=&#8221;https:\/\/emob2018.it\/wp-content\/uploads\/2018\/06\/ESEMPI-DEI-MATERIALI-UTILIZZATI.jpg&#8221; _builder_version=&#8221;3.8&#8243; \/][et_pb_text _builder_version=&#8221;3.8&#8243;]<br \/>\n<span style=\"font-size: 14px;\">A breve metteremo anche striscioni nelle vie principali di Milano adiacenti all&#8217;evento. Vogliamo le Vostre foto \ud83d\ude00<\/span><br \/>\nSeguici sui social <a href=\"https:\/\/www.facebook.com\/emob2018\">facebook<\/a>\u00a0<a href=\"https:\/\/twitter.com\/emobevento\">twitter<\/a><br \/>\n[\/et_pb_text][et_pb_image src=&#8221;https:\/\/emob2018.it\/wp-content\/uploads\/2018\/06\/Striscione.jpg&#8221; _builder_version=&#8221;3.8&#8243; \/][\/et_pb_column][\/et_pb_row][\/et_pb_section]<\/p>\n","protected":false},"excerpt":{"rendered":"<p>Ecco come organizzeremo e_mob edizione 2018<\/p>\n","protected":false},"author":2,"featured_media":41,"comment_status":"open","ping_status":"open","sticky":false,"template":"","format":"standard","meta":{"_et_pb_use_builder":"on","_et_pb_old_content":"","_et_gb_content_width":"","_exactmetrics_skip_tracking":false,"_exactmetrics_sitenote_active":false,"_exactmetrics_sitenote_note":"","_exactmetrics_sitenote_category":0,"footnotes":""},"categories":[15,335,26],"tags":[25,165,24],"yoast_head":"<!-- This site is optimized with the Yoast SEO plugin v22.9 - https:\/\/yoast.com\/wordpress\/plugins\/seo\/ -->\n<title>Gli stand dell&#039;evento &#8226; e_mob<\/title>\n<meta name=\"description\" content=\"e_mob \u00e8 il tavolo permanente degli stakeholder della mobilit\u00e0 elettrica in Italia. Organizza ogni anno a Milano la Conferenza Nazionale del settore, nel 2021 in programma dal 16 al 19 ottobre.\" \/>\n<meta name=\"robots\" content=\"index, follow, max-snippet:-1, max-image-preview:large, max-video-preview:-1\" \/>\n<link rel=\"canonical\" href=\"https:\/\/emob-italia.it\/2018\/06\/22\/gli-stand-dellevento\/\" \/>\n<meta property=\"og:locale\" content=\"en_US\" \/>\n<meta property=\"og:type\" content=\"article\" \/>\n<meta property=\"og:title\" content=\"Gli stand dell&#039;evento &#8226; e_mob\" \/>\n<meta property=\"og:description\" content=\"e_mob \u00e8 il tavolo permanente degli stakeholder della mobilit\u00e0 elettrica in Italia. Organizza ogni anno a Milano la Conferenza Nazionale del settore, nel 2021 in programma dal 16 al 19 ottobre.\" \/>\n<meta property=\"og:url\" content=\"https:\/\/emob-italia.it\/2018\/06\/22\/gli-stand-dellevento\/\" \/>\n<meta property=\"og:site_name\" content=\"e_mob\" \/>\n<meta property=\"article:publisher\" content=\"https:\/\/www.facebook.com\/emobitalia\/\" \/>\n<meta property=\"article:published_time\" content=\"2018-06-22T12:06:39+00:00\" \/>\n<meta property=\"article:modified_time\" content=\"2024-03-04T18:59:31+00:00\" \/>\n<meta property=\"og:image\" content=\"https:\/\/emob-italia.it\/wp-content\/uploads\/2019\/01\/0_Logo_emob-italia-web.png\" \/>\n\t<meta property=\"og:image:width\" content=\"800\" \/>\n\t<meta property=\"og:image:height\" content=\"230\" \/>\n\t<meta property=\"og:image:type\" content=\"image\/png\" \/>\n<meta name=\"author\" content=\"Nadia Paglia\" \/>\n<meta name=\"twitter:label1\" content=\"Written by\" \/>\n\t<meta name=\"twitter:data1\" content=\"Nadia Paglia\" \/>\n\t<meta name=\"twitter:label2\" content=\"Est. reading time\" \/>\n\t<meta name=\"twitter:data2\" content=\"1 minute\" \/>\n<script type=\"application\/ld+json\" class=\"yoast-schema-graph\">{\"@context\":\"https:\/\/schema.org\",\"@graph\":[{\"@type\":\"Article\",\"@id\":\"https:\/\/emob-italia.it\/2018\/06\/22\/gli-stand-dellevento\/#article\",\"isPartOf\":{\"@id\":\"https:\/\/emob-italia.it\/2018\/06\/22\/gli-stand-dellevento\/\"},\"author\":{\"name\":\"Nadia Paglia\",\"@id\":\"https:\/\/emob-italia.it\/#\/schema\/person\/e96f2fe472d4dcca75c9ca51f8951bc5\"},\"headline\":\"Gli stand dell&#039;evento\",\"datePublished\":\"2018-06-22T12:06:39+00:00\",\"dateModified\":\"2024-03-04T18:59:31+00:00\",\"mainEntityOfPage\":{\"@id\":\"https:\/\/emob-italia.it\/2018\/06\/22\/gli-stand-dellevento\/\"},\"wordCount\":215,\"commentCount\":0,\"publisher\":{\"@id\":\"https:\/\/emob-italia.it\/#organization\"},\"image\":{\"@id\":\"https:\/\/emob-italia.it\/2018\/06\/22\/gli-stand-dellevento\/#primaryimage\"},\"thumbnailUrl\":\"https:\/\/emob-italia.it\/wp-content\/uploads\/2019\/01\/0_Logo_emob-italia-web.png\",\"keywords\":[\"case automobilistiche\",\"emob\",\"organizzazione\"],\"articleSection\":[\"#emob2018\",\"Giugno 2018\",\"Notizie\"],\"inLanguage\":\"en-US\",\"potentialAction\":[{\"@type\":\"CommentAction\",\"name\":\"Comment\",\"target\":[\"https:\/\/emob-italia.it\/2018\/06\/22\/gli-stand-dellevento\/#respond\"]}]},{\"@type\":\"WebPage\",\"@id\":\"https:\/\/emob-italia.it\/2018\/06\/22\/gli-stand-dellevento\/\",\"url\":\"https:\/\/emob-italia.it\/2018\/06\/22\/gli-stand-dellevento\/\",\"name\":\"Gli stand dell&#039;evento &#8226; e_mob\",\"isPartOf\":{\"@id\":\"https:\/\/emob-italia.it\/#website\"},\"primaryImageOfPage\":{\"@id\":\"https:\/\/emob-italia.it\/2018\/06\/22\/gli-stand-dellevento\/#primaryimage\"},\"image\":{\"@id\":\"https:\/\/emob-italia.it\/2018\/06\/22\/gli-stand-dellevento\/#primaryimage\"},\"thumbnailUrl\":\"https:\/\/emob-italia.it\/wp-content\/uploads\/2019\/01\/0_Logo_emob-italia-web.png\",\"datePublished\":\"2018-06-22T12:06:39+00:00\",\"dateModified\":\"2024-03-04T18:59:31+00:00\",\"description\":\"e_mob \u00e8 il tavolo permanente degli stakeholder della mobilit\u00e0 elettrica in Italia. Organizza ogni anno a Milano la Conferenza Nazionale del settore, nel 2021 in programma dal 16 al 19 ottobre.\",\"breadcrumb\":{\"@id\":\"https:\/\/emob-italia.it\/2018\/06\/22\/gli-stand-dellevento\/#breadcrumb\"},\"inLanguage\":\"en-US\",\"potentialAction\":[{\"@type\":\"ReadAction\",\"target\":[\"https:\/\/emob-italia.it\/2018\/06\/22\/gli-stand-dellevento\/\"]}]},{\"@type\":\"ImageObject\",\"inLanguage\":\"en-US\",\"@id\":\"https:\/\/emob-italia.it\/2018\/06\/22\/gli-stand-dellevento\/#primaryimage\",\"url\":\"https:\/\/emob-italia.it\/wp-content\/uploads\/2019\/01\/0_Logo_emob-italia-web.png\",\"contentUrl\":\"https:\/\/emob-italia.it\/wp-content\/uploads\/2019\/01\/0_Logo_emob-italia-web.png\",\"width\":800,\"height\":230},{\"@type\":\"BreadcrumbList\",\"@id\":\"https:\/\/emob-italia.it\/2018\/06\/22\/gli-stand-dellevento\/#breadcrumb\",\"itemListElement\":[{\"@type\":\"ListItem\",\"position\":1,\"name\":\"Home\",\"item\":\"https:\/\/emob-italia.it\/en\/\"},{\"@type\":\"ListItem\",\"position\":2,\"name\":\"Gli stand dell&#039;evento\"}]},{\"@type\":\"WebSite\",\"@id\":\"https:\/\/emob-italia.it\/#website\",\"url\":\"https:\/\/emob-italia.it\/\",\"name\":\"e_mob\",\"description\":\"Mobilit\u00e0 Elettrica\",\"publisher\":{\"@id\":\"https:\/\/emob-italia.it\/#organization\"},\"potentialAction\":[{\"@type\":\"SearchAction\",\"target\":{\"@type\":\"EntryPoint\",\"urlTemplate\":\"https:\/\/emob-italia.it\/?s={search_term_string}\"},\"query-input\":\"required name=search_term_string\"}],\"inLanguage\":\"en-US\"},{\"@type\":\"Organization\",\"@id\":\"https:\/\/emob-italia.it\/#organization\",\"name\":\"Class Onlus\",\"url\":\"https:\/\/emob-italia.it\/\",\"logo\":{\"@type\":\"ImageObject\",\"inLanguage\":\"en-US\",\"@id\":\"https:\/\/emob-italia.it\/#\/schema\/logo\/image\/\",\"url\":\"https:\/\/emob-italia.it\/wp-content\/uploads\/2019\/03\/0_CLASS-ONLUS-logo-web.png\",\"contentUrl\":\"https:\/\/emob-italia.it\/wp-content\/uploads\/2019\/03\/0_CLASS-ONLUS-logo-web.png\",\"width\":598,\"height\":202,\"caption\":\"Class Onlus\"},\"image\":{\"@id\":\"https:\/\/emob-italia.it\/#\/schema\/logo\/image\/\"},\"sameAs\":[\"https:\/\/www.facebook.com\/emobitalia\/\",\"https:\/\/www.instagram.com\/e_mob_italia\/\",\"https:\/\/www.linkedin.com\/groups\/12186185\/\",\"https:\/\/www.youtube.com\/channel\/UCvnTcrhggAX_AkFwGxRfqFw\/featured?view_as=subscriber\"]},{\"@type\":\"Person\",\"@id\":\"https:\/\/emob-italia.it\/#\/schema\/person\/e96f2fe472d4dcca75c9ca51f8951bc5\",\"name\":\"Nadia Paglia\",\"image\":{\"@type\":\"ImageObject\",\"inLanguage\":\"en-US\",\"@id\":\"https:\/\/emob-italia.it\/#\/schema\/person\/image\/\",\"url\":\"https:\/\/secure.gravatar.com\/avatar\/02e0cd654df2106544e1a6f3ee921a91?s=96&r=g\",\"contentUrl\":\"https:\/\/secure.gravatar.com\/avatar\/02e0cd654df2106544e1a6f3ee921a91?s=96&r=g\",\"caption\":\"Nadia Paglia\"},\"url\":\"https:\/\/emob-italia.it\/en\/author\/nadia-paglia\/\"}]}<\/script>\n<!-- \/ Yoast SEO plugin. -->","yoast_head_json":{"title":"Gli stand dell&#039;evento &#8226; e_mob","description":"e_mob \u00e8 il tavolo permanente degli stakeholder della mobilit\u00e0 elettrica in Italia. Organizza ogni anno a Milano la Conferenza Nazionale del settore, nel 2021 in programma dal 16 al 19 ottobre.","robots":{"index":"index","follow":"follow","max-snippet":"max-snippet:-1","max-image-preview":"max-image-preview:large","max-video-preview":"max-video-preview:-1"},"canonical":"https:\/\/emob-italia.it\/2018\/06\/22\/gli-stand-dellevento\/","og_locale":"en_US","og_type":"article","og_title":"Gli stand dell&#039;evento &#8226; e_mob","og_description":"e_mob \u00e8 il tavolo permanente degli stakeholder della mobilit\u00e0 elettrica in Italia. Organizza ogni anno a Milano la Conferenza Nazionale del settore, nel 2021 in programma dal 16 al 19 ottobre.","og_url":"https:\/\/emob-italia.it\/2018\/06\/22\/gli-stand-dellevento\/","og_site_name":"e_mob","article_publisher":"https:\/\/www.facebook.com\/emobitalia\/","article_published_time":"2018-06-22T12:06:39+00:00","article_modified_time":"2024-03-04T18:59:31+00:00","og_image":[{"width":800,"height":230,"url":"https:\/\/emob-italia.it\/wp-content\/uploads\/2019\/01\/0_Logo_emob-italia-web.png","type":"image\/png"}],"author":"Nadia Paglia","twitter_misc":{"Written by":"Nadia Paglia","Est. reading time":"1 minute"},"schema":{"@context":"https:\/\/schema.org","@graph":[{"@type":"Article","@id":"https:\/\/emob-italia.it\/2018\/06\/22\/gli-stand-dellevento\/#article","isPartOf":{"@id":"https:\/\/emob-italia.it\/2018\/06\/22\/gli-stand-dellevento\/"},"author":{"name":"Nadia Paglia","@id":"https:\/\/emob-italia.it\/#\/schema\/person\/e96f2fe472d4dcca75c9ca51f8951bc5"},"headline":"Gli stand dell&#039;evento","datePublished":"2018-06-22T12:06:39+00:00","dateModified":"2024-03-04T18:59:31+00:00","mainEntityOfPage":{"@id":"https:\/\/emob-italia.it\/2018\/06\/22\/gli-stand-dellevento\/"},"wordCount":215,"commentCount":0,"publisher":{"@id":"https:\/\/emob-italia.it\/#organization"},"image":{"@id":"https:\/\/emob-italia.it\/2018\/06\/22\/gli-stand-dellevento\/#primaryimage"},"thumbnailUrl":"https:\/\/emob-italia.it\/wp-content\/uploads\/2019\/01\/0_Logo_emob-italia-web.png","keywords":["case automobilistiche","emob","organizzazione"],"articleSection":["#emob2018","Giugno 2018","Notizie"],"inLanguage":"en-US","potentialAction":[{"@type":"CommentAction","name":"Comment","target":["https:\/\/emob-italia.it\/2018\/06\/22\/gli-stand-dellevento\/#respond"]}]},{"@type":"WebPage","@id":"https:\/\/emob-italia.it\/2018\/06\/22\/gli-stand-dellevento\/","url":"https:\/\/emob-italia.it\/2018\/06\/22\/gli-stand-dellevento\/","name":"Gli stand dell&#039;evento &#8226; e_mob","isPartOf":{"@id":"https:\/\/emob-italia.it\/#website"},"primaryImageOfPage":{"@id":"https:\/\/emob-italia.it\/2018\/06\/22\/gli-stand-dellevento\/#primaryimage"},"image":{"@id":"https:\/\/emob-italia.it\/2018\/06\/22\/gli-stand-dellevento\/#primaryimage"},"thumbnailUrl":"https:\/\/emob-italia.it\/wp-content\/uploads\/2019\/01\/0_Logo_emob-italia-web.png","datePublished":"2018-06-22T12:06:39+00:00","dateModified":"2024-03-04T18:59:31+00:00","description":"e_mob \u00e8 il tavolo permanente degli stakeholder della mobilit\u00e0 elettrica in Italia. Organizza ogni anno a Milano la Conferenza Nazionale del settore, nel 2021 in programma dal 16 al 19 ottobre.","breadcrumb":{"@id":"https:\/\/emob-italia.it\/2018\/06\/22\/gli-stand-dellevento\/#breadcrumb"},"inLanguage":"en-US","potentialAction":[{"@type":"ReadAction","target":["https:\/\/emob-italia.it\/2018\/06\/22\/gli-stand-dellevento\/"]}]},{"@type":"ImageObject","inLanguage":"en-US","@id":"https:\/\/emob-italia.it\/2018\/06\/22\/gli-stand-dellevento\/#primaryimage","url":"https:\/\/emob-italia.it\/wp-content\/uploads\/2019\/01\/0_Logo_emob-italia-web.png","contentUrl":"https:\/\/emob-italia.it\/wp-content\/uploads\/2019\/01\/0_Logo_emob-italia-web.png","width":800,"height":230},{"@type":"BreadcrumbList","@id":"https:\/\/emob-italia.it\/2018\/06\/22\/gli-stand-dellevento\/#breadcrumb","itemListElement":[{"@type":"ListItem","position":1,"name":"Home","item":"https:\/\/emob-italia.it\/en\/"},{"@type":"ListItem","position":2,"name":"Gli stand dell&#039;evento"}]},{"@type":"WebSite","@id":"https:\/\/emob-italia.it\/#website","url":"https:\/\/emob-italia.it\/","name":"e_mob","description":"Mobilit\u00e0 Elettrica","publisher":{"@id":"https:\/\/emob-italia.it\/#organization"},"potentialAction":[{"@type":"SearchAction","target":{"@type":"EntryPoint","urlTemplate":"https:\/\/emob-italia.it\/?s={search_term_string}"},"query-input":"required name=search_term_string"}],"inLanguage":"en-US"},{"@type":"Organization","@id":"https:\/\/emob-italia.it\/#organization","name":"Class Onlus","url":"https:\/\/emob-italia.it\/","logo":{"@type":"ImageObject","inLanguage":"en-US","@id":"https:\/\/emob-italia.it\/#\/schema\/logo\/image\/","url":"https:\/\/emob-italia.it\/wp-content\/uploads\/2019\/03\/0_CLASS-ONLUS-logo-web.png","contentUrl":"https:\/\/emob-italia.it\/wp-content\/uploads\/2019\/03\/0_CLASS-ONLUS-logo-web.png","width":598,"height":202,"caption":"Class Onlus"},"image":{"@id":"https:\/\/emob-italia.it\/#\/schema\/logo\/image\/"},"sameAs":["https:\/\/www.facebook.com\/emobitalia\/","https:\/\/www.instagram.com\/e_mob_italia\/","https:\/\/www.linkedin.com\/groups\/12186185\/","https:\/\/www.youtube.com\/channel\/UCvnTcrhggAX_AkFwGxRfqFw\/featured?view_as=subscriber"]},{"@type":"Person","@id":"https:\/\/emob-italia.it\/#\/schema\/person\/e96f2fe472d4dcca75c9ca51f8951bc5","name":"Nadia Paglia","image":{"@type":"ImageObject","inLanguage":"en-US","@id":"https:\/\/emob-italia.it\/#\/schema\/person\/image\/","url":"https:\/\/secure.gravatar.com\/avatar\/02e0cd654df2106544e1a6f3ee921a91?s=96&r=g","contentUrl":"https:\/\/secure.gravatar.com\/avatar\/02e0cd654df2106544e1a6f3ee921a91?s=96&r=g","caption":"Nadia Paglia"},"url":"https:\/\/emob-italia.it\/en\/author\/nadia-paglia\/"}]}},"_links":{"self":[{"href":"https:\/\/emob-italia.it\/en\/wp-json\/wp\/v2\/posts\/47697"}],"collection":[{"href":"https:\/\/emob-italia.it\/en\/wp-json\/wp\/v2\/posts"}],"about":[{"href":"https:\/\/emob-italia.it\/en\/wp-json\/wp\/v2\/types\/post"}],"author":[{"embeddable":true,"href":"https:\/\/emob-italia.it\/en\/wp-json\/wp\/v2\/users\/2"}],"replies":[{"embeddable":true,"href":"https:\/\/emob-italia.it\/en\/wp-json\/wp\/v2\/comments?post=47697"}],"version-history":[{"count":1,"href":"https:\/\/emob-italia.it\/en\/wp-json\/wp\/v2\/posts\/47697\/revisions"}],"predecessor-version":[{"id":64004,"href":"https:\/\/emob-italia.it\/en\/wp-json\/wp\/v2\/posts\/47697\/revisions\/64004"}],"wp:featuredmedia":[{"embeddable":true,"href":"https:\/\/emob-italia.it\/en\/wp-json\/wp\/v2\/media\/41"}],"wp:attachment":[{"href":"https:\/\/emob-italia.it\/en\/wp-json\/wp\/v2\/media?parent=47697"}],"wp:term":[{"taxonomy":"category","embeddable":true,"href":"https:\/\/emob-italia.it\/en\/wp-json\/wp\/v2\/categories?post=47697"},{"taxonomy":"post_tag","embeddable":true,"href":"https:\/\/emob-italia.it\/en\/wp-json\/wp\/v2\/tags?post=47697"}],"curies":[{"name":"wp","href":"https:\/\/api.w.org\/{rel}","templated":true}]}}