{"id":47224,"date":"2018-04-23T09:41:09","date_gmt":"2018-04-23T09:41:09","guid":{"rendered":"https:\/\/emob2018.it\/?p=47224"},"modified":"2024-03-04T19:59:22","modified_gmt":"2024-03-04T18:59:22","slug":"unificazione-delle-agevolazioni-mobilita-elettrica-primo-passo","status":"publish","type":"post","link":"https:\/\/emob-italia.it\/en\/2018\/04\/23\/unificazione-delle-agevolazioni-mobilita-elettrica-primo-passo\/","title":{"rendered":"Unificazione delle agevolazioni mobilit\u00e0 elettrica primo passo"},"content":{"rendered":"<p>[et_pb_section fb_built=&#8221;1&#8243; _builder_version=&#8221;3.0.47&#8243;][et_pb_row _builder_version=&#8221;3.0.48&#8243; background_size=&#8221;initial&#8221; background_position=&#8221;top_left&#8221; background_repeat=&#8221;repeat&#8221;][et_pb_column type=&#8221;4_4&#8243; _builder_version=&#8221;3.0.47&#8243; parallax=&#8221;off&#8221; parallax_method=&#8221;on&#8221;][et_pb_text _builder_version=&#8221;3.0.106&#8243;]<\/p>\n<p>Lo sappiamo, \u00e8 un primo passo, \u00e8 una goccia &#8230; ma si sa che la meta si raggiunge a piccoli passi, lentamente ma costantemente (come direbbe Goethe) e che il mare \u00e8 formato da tante gocce!<\/p>\n<p>In quest&#8217;ottica proponiamo l&#8217;esempio di chi, avendo firmato un impegno con la Carta Metropolitana\u00a0della Mobilit\u00e0 Elettrica, sotto la guida di Agenda 21 Isola Bergamasca Dalmine\u2013Zingonia, adora &#8220;fare&#8221; mobilit\u00e0 sostenibile! Ecco cosa ha detto\u00a0\u00a0Stefano Zenoni, assessore alla mobilit\u00e0 del Comune di Bergamo:<\/p>\n<blockquote>\n<p>\u201cGi\u00e0 da tempo nel comune di Bergamo sono in essere agevolazioni per veicoli ibridi ed elettrici, l\u2019agevolazioni di entrambi per i parcheggi a pagamento ed il permesso di transito nelle zone a traffico limitato per i secondi. Per fare ci\u00f2 sinora coloro che erano interessati, residenti nel comune di Bergamo o meno, dovevano fare richiesta di pass negli uffici di ATB, ma con questo protocollo tutto ci\u00f2 cambia. Con questo provvedimento gli stessi contrassegni identificativi potranno esser richiesti nei rispettivi comuni e saranno reciprocamente riconosciuti sia da Bergamo che da quest\u2019ultimi\u201d.<\/p>\n<\/blockquote>\n<p>Un applauso alla lungimiranza\u00a0etica per il benessere dei propri cittadini!<\/p>\n<p>[\/et_pb_text][\/et_pb_column][\/et_pb_row][\/et_pb_section]<\/p>\n","protected":false},"excerpt":{"rendered":"<p>Lo sappiamo, \u00e8 un primo passo, \u00e8 una goccia &#8230; ma si sa che la meta si raggiunge a piccoli passi, lentamente ma costantemente (come direbbe Goethe) e che il mare \u00e8 formato da tante gocce! In quest&#8217;ottica proponiamo l&#8217;esempio di chi, avendo firmato un impegno con la Carta Metropolitana\u00a0della Mobilit\u00e0 Elettrica, sotto la guida [&hellip;]<\/p>\n","protected":false},"author":2,"featured_media":51755,"comment_status":"open","ping_status":"open","sticky":false,"template":"","format":"standard","meta":{"_et_pb_use_builder":"on","_et_pb_old_content":"","_et_gb_content_width":"","_exactmetrics_skip_tracking":false,"_exactmetrics_sitenote_active":false,"_exactmetrics_sitenote_note":"","_exactmetrics_sitenote_category":0,"footnotes":""},"categories":[15,337,20,26],"tags":[18,19,165,11,21,22],"yoast_head":"<!-- This site is optimized with the Yoast SEO plugin v22.9 - https:\/\/yoast.com\/wordpress\/plugins\/seo\/ -->\n<title>Unificazione delle agevolazioni mobilit\u00e0 elettrica primo passo &#8226; e_mob<\/title>\n<meta name=\"description\" content=\"e_mob \u00e8 il tavolo permanente degli stakeholder della mobilit\u00e0 elettrica in Italia. Organizza ogni anno a Milano la Conferenza Nazionale del settore, nel 2021 in programma dal 16 al 19 ottobre.\" \/>\n<meta name=\"robots\" content=\"index, follow, max-snippet:-1, max-image-preview:large, max-video-preview:-1\" \/>\n<link rel=\"canonical\" href=\"https:\/\/emob-italia.it\/2018\/04\/23\/unificazione-delle-agevolazioni-mobilita-elettrica-primo-passo\/\" \/>\n<meta property=\"og:locale\" content=\"en_US\" \/>\n<meta property=\"og:type\" content=\"article\" \/>\n<meta property=\"og:title\" content=\"Unificazione delle agevolazioni mobilit\u00e0 elettrica primo passo &#8226; e_mob\" \/>\n<meta property=\"og:description\" content=\"e_mob \u00e8 il tavolo permanente degli stakeholder della mobilit\u00e0 elettrica in Italia. Organizza ogni anno a Milano la Conferenza Nazionale del settore, nel 2021 in programma dal 16 al 19 ottobre.\" \/>\n<meta property=\"og:url\" content=\"https:\/\/emob-italia.it\/2018\/04\/23\/unificazione-delle-agevolazioni-mobilita-elettrica-primo-passo\/\" \/>\n<meta property=\"og:site_name\" content=\"e_mob\" \/>\n<meta property=\"article:publisher\" content=\"https:\/\/www.facebook.com\/emobitalia\/\" \/>\n<meta property=\"article:published_time\" content=\"2018-04-23T09:41:09+00:00\" \/>\n<meta property=\"article:modified_time\" content=\"2024-03-04T18:59:22+00:00\" \/>\n<meta property=\"og:image\" content=\"https:\/\/emob-italia.it\/wp-content\/uploads\/2018\/04\/social-responsability.jpg\" \/>\n\t<meta property=\"og:image:width\" content=\"1200\" \/>\n\t<meta property=\"og:image:height\" content=\"630\" \/>\n\t<meta property=\"og:image:type\" content=\"image\/jpeg\" \/>\n<meta name=\"author\" content=\"Nadia Paglia\" \/>\n<meta name=\"twitter:label1\" content=\"Written by\" \/>\n\t<meta name=\"twitter:data1\" content=\"Nadia Paglia\" \/>\n\t<meta name=\"twitter:label2\" content=\"Est. reading time\" \/>\n\t<meta name=\"twitter:data2\" content=\"1 minute\" \/>\n<script type=\"application\/ld+json\" class=\"yoast-schema-graph\">{\"@context\":\"https:\/\/schema.org\",\"@graph\":[{\"@type\":\"Article\",\"@id\":\"https:\/\/emob-italia.it\/2018\/04\/23\/unificazione-delle-agevolazioni-mobilita-elettrica-primo-passo\/#article\",\"isPartOf\":{\"@id\":\"https:\/\/emob-italia.it\/2018\/04\/23\/unificazione-delle-agevolazioni-mobilita-elettrica-primo-passo\/\"},\"author\":{\"name\":\"Nadia Paglia\",\"@id\":\"https:\/\/emob-italia.it\/#\/schema\/person\/e96f2fe472d4dcca75c9ca51f8951bc5\"},\"headline\":\"Unificazione delle agevolazioni mobilit\u00e0 elettrica primo passo\",\"datePublished\":\"2018-04-23T09:41:09+00:00\",\"dateModified\":\"2024-03-04T18:59:22+00:00\",\"mainEntityOfPage\":{\"@id\":\"https:\/\/emob-italia.it\/2018\/04\/23\/unificazione-delle-agevolazioni-mobilita-elettrica-primo-passo\/\"},\"wordCount\":238,\"commentCount\":0,\"publisher\":{\"@id\":\"https:\/\/emob-italia.it\/#organization\"},\"image\":{\"@id\":\"https:\/\/emob-italia.it\/2018\/04\/23\/unificazione-delle-agevolazioni-mobilita-elettrica-primo-passo\/#primaryimage\"},\"thumbnailUrl\":\"https:\/\/emob-italia.it\/wp-content\/uploads\/2018\/04\/social-responsability.jpg\",\"keywords\":[\"auto elettrica\",\"benessere cittadini\",\"emob\",\"Mobilit\u00e0 Sostenibile\",\"Pubblica amministrazione\",\"responsabilit\u00e0 sociale\"],\"articleSection\":[\"#emob2018\",\"Aprile 2018\",\"Carta Metropolitana dell'Elettromobilit\u00e0\",\"Notizie\"],\"inLanguage\":\"en-US\",\"potentialAction\":[{\"@type\":\"CommentAction\",\"name\":\"Comment\",\"target\":[\"https:\/\/emob-italia.it\/2018\/04\/23\/unificazione-delle-agevolazioni-mobilita-elettrica-primo-passo\/#respond\"]}]},{\"@type\":\"WebPage\",\"@id\":\"https:\/\/emob-italia.it\/2018\/04\/23\/unificazione-delle-agevolazioni-mobilita-elettrica-primo-passo\/\",\"url\":\"https:\/\/emob-italia.it\/2018\/04\/23\/unificazione-delle-agevolazioni-mobilita-elettrica-primo-passo\/\",\"name\":\"Unificazione delle agevolazioni mobilit\u00e0 elettrica primo passo &#8226; e_mob\",\"isPartOf\":{\"@id\":\"https:\/\/emob-italia.it\/#website\"},\"primaryImageOfPage\":{\"@id\":\"https:\/\/emob-italia.it\/2018\/04\/23\/unificazione-delle-agevolazioni-mobilita-elettrica-primo-passo\/#primaryimage\"},\"image\":{\"@id\":\"https:\/\/emob-italia.it\/2018\/04\/23\/unificazione-delle-agevolazioni-mobilita-elettrica-primo-passo\/#primaryimage\"},\"thumbnailUrl\":\"https:\/\/emob-italia.it\/wp-content\/uploads\/2018\/04\/social-responsability.jpg\",\"datePublished\":\"2018-04-23T09:41:09+00:00\",\"dateModified\":\"2024-03-04T18:59:22+00:00\",\"description\":\"e_mob \u00e8 il tavolo permanente degli stakeholder della mobilit\u00e0 elettrica in Italia. Organizza ogni anno a Milano la Conferenza Nazionale del settore, nel 2021 in programma dal 16 al 19 ottobre.\",\"breadcrumb\":{\"@id\":\"https:\/\/emob-italia.it\/2018\/04\/23\/unificazione-delle-agevolazioni-mobilita-elettrica-primo-passo\/#breadcrumb\"},\"inLanguage\":\"en-US\",\"potentialAction\":[{\"@type\":\"ReadAction\",\"target\":[\"https:\/\/emob-italia.it\/2018\/04\/23\/unificazione-delle-agevolazioni-mobilita-elettrica-primo-passo\/\"]}]},{\"@type\":\"ImageObject\",\"inLanguage\":\"en-US\",\"@id\":\"https:\/\/emob-italia.it\/2018\/04\/23\/unificazione-delle-agevolazioni-mobilita-elettrica-primo-passo\/#primaryimage\",\"url\":\"https:\/\/emob-italia.it\/wp-content\/uploads\/2018\/04\/social-responsability.jpg\",\"contentUrl\":\"https:\/\/emob-italia.it\/wp-content\/uploads\/2018\/04\/social-responsability.jpg\",\"width\":1200,\"height\":630},{\"@type\":\"BreadcrumbList\",\"@id\":\"https:\/\/emob-italia.it\/2018\/04\/23\/unificazione-delle-agevolazioni-mobilita-elettrica-primo-passo\/#breadcrumb\",\"itemListElement\":[{\"@type\":\"ListItem\",\"position\":1,\"name\":\"Home\",\"item\":\"https:\/\/emob-italia.it\/en\/\"},{\"@type\":\"ListItem\",\"position\":2,\"name\":\"Unificazione delle agevolazioni mobilit\u00e0 elettrica primo passo\"}]},{\"@type\":\"WebSite\",\"@id\":\"https:\/\/emob-italia.it\/#website\",\"url\":\"https:\/\/emob-italia.it\/\",\"name\":\"e_mob\",\"description\":\"Mobilit\u00e0 Elettrica\",\"publisher\":{\"@id\":\"https:\/\/emob-italia.it\/#organization\"},\"potentialAction\":[{\"@type\":\"SearchAction\",\"target\":{\"@type\":\"EntryPoint\",\"urlTemplate\":\"https:\/\/emob-italia.it\/?s={search_term_string}\"},\"query-input\":\"required name=search_term_string\"}],\"inLanguage\":\"en-US\"},{\"@type\":\"Organization\",\"@id\":\"https:\/\/emob-italia.it\/#organization\",\"name\":\"Class Onlus\",\"url\":\"https:\/\/emob-italia.it\/\",\"logo\":{\"@type\":\"ImageObject\",\"inLanguage\":\"en-US\",\"@id\":\"https:\/\/emob-italia.it\/#\/schema\/logo\/image\/\",\"url\":\"https:\/\/emob-italia.it\/wp-content\/uploads\/2019\/03\/0_CLASS-ONLUS-logo-web.png\",\"contentUrl\":\"https:\/\/emob-italia.it\/wp-content\/uploads\/2019\/03\/0_CLASS-ONLUS-logo-web.png\",\"width\":598,\"height\":202,\"caption\":\"Class Onlus\"},\"image\":{\"@id\":\"https:\/\/emob-italia.it\/#\/schema\/logo\/image\/\"},\"sameAs\":[\"https:\/\/www.facebook.com\/emobitalia\/\",\"https:\/\/www.instagram.com\/e_mob_italia\/\",\"https:\/\/www.linkedin.com\/groups\/12186185\/\",\"https:\/\/www.youtube.com\/channel\/UCvnTcrhggAX_AkFwGxRfqFw\/featured?view_as=subscriber\"]},{\"@type\":\"Person\",\"@id\":\"https:\/\/emob-italia.it\/#\/schema\/person\/e96f2fe472d4dcca75c9ca51f8951bc5\",\"name\":\"Nadia Paglia\",\"image\":{\"@type\":\"ImageObject\",\"inLanguage\":\"en-US\",\"@id\":\"https:\/\/emob-italia.it\/#\/schema\/person\/image\/\",\"url\":\"https:\/\/secure.gravatar.com\/avatar\/02e0cd654df2106544e1a6f3ee921a91?s=96&r=g\",\"contentUrl\":\"https:\/\/secure.gravatar.com\/avatar\/02e0cd654df2106544e1a6f3ee921a91?s=96&r=g\",\"caption\":\"Nadia Paglia\"},\"url\":\"https:\/\/emob-italia.it\/en\/author\/nadia-paglia\/\"}]}<\/script>\n<!-- \/ Yoast SEO plugin. -->","yoast_head_json":{"title":"Unificazione delle agevolazioni mobilit\u00e0 elettrica primo passo &#8226; e_mob","description":"e_mob \u00e8 il tavolo permanente degli stakeholder della mobilit\u00e0 elettrica in Italia. Organizza ogni anno a Milano la Conferenza Nazionale del settore, nel 2021 in programma dal 16 al 19 ottobre.","robots":{"index":"index","follow":"follow","max-snippet":"max-snippet:-1","max-image-preview":"max-image-preview:large","max-video-preview":"max-video-preview:-1"},"canonical":"https:\/\/emob-italia.it\/2018\/04\/23\/unificazione-delle-agevolazioni-mobilita-elettrica-primo-passo\/","og_locale":"en_US","og_type":"article","og_title":"Unificazione delle agevolazioni mobilit\u00e0 elettrica primo passo &#8226; e_mob","og_description":"e_mob \u00e8 il tavolo permanente degli stakeholder della mobilit\u00e0 elettrica in Italia. Organizza ogni anno a Milano la Conferenza Nazionale del settore, nel 2021 in programma dal 16 al 19 ottobre.","og_url":"https:\/\/emob-italia.it\/2018\/04\/23\/unificazione-delle-agevolazioni-mobilita-elettrica-primo-passo\/","og_site_name":"e_mob","article_publisher":"https:\/\/www.facebook.com\/emobitalia\/","article_published_time":"2018-04-23T09:41:09+00:00","article_modified_time":"2024-03-04T18:59:22+00:00","og_image":[{"width":1200,"height":630,"url":"https:\/\/emob-italia.it\/wp-content\/uploads\/2018\/04\/social-responsability.jpg","type":"image\/jpeg"}],"author":"Nadia Paglia","twitter_misc":{"Written by":"Nadia Paglia","Est. reading time":"1 minute"},"schema":{"@context":"https:\/\/schema.org","@graph":[{"@type":"Article","@id":"https:\/\/emob-italia.it\/2018\/04\/23\/unificazione-delle-agevolazioni-mobilita-elettrica-primo-passo\/#article","isPartOf":{"@id":"https:\/\/emob-italia.it\/2018\/04\/23\/unificazione-delle-agevolazioni-mobilita-elettrica-primo-passo\/"},"author":{"name":"Nadia Paglia","@id":"https:\/\/emob-italia.it\/#\/schema\/person\/e96f2fe472d4dcca75c9ca51f8951bc5"},"headline":"Unificazione delle agevolazioni mobilit\u00e0 elettrica primo passo","datePublished":"2018-04-23T09:41:09+00:00","dateModified":"2024-03-04T18:59:22+00:00","mainEntityOfPage":{"@id":"https:\/\/emob-italia.it\/2018\/04\/23\/unificazione-delle-agevolazioni-mobilita-elettrica-primo-passo\/"},"wordCount":238,"commentCount":0,"publisher":{"@id":"https:\/\/emob-italia.it\/#organization"},"image":{"@id":"https:\/\/emob-italia.it\/2018\/04\/23\/unificazione-delle-agevolazioni-mobilita-elettrica-primo-passo\/#primaryimage"},"thumbnailUrl":"https:\/\/emob-italia.it\/wp-content\/uploads\/2018\/04\/social-responsability.jpg","keywords":["auto elettrica","benessere cittadini","emob","Mobilit\u00e0 Sostenibile","Pubblica amministrazione","responsabilit\u00e0 sociale"],"articleSection":["#emob2018","Aprile 2018","Carta Metropolitana dell'Elettromobilit\u00e0","Notizie"],"inLanguage":"en-US","potentialAction":[{"@type":"CommentAction","name":"Comment","target":["https:\/\/emob-italia.it\/2018\/04\/23\/unificazione-delle-agevolazioni-mobilita-elettrica-primo-passo\/#respond"]}]},{"@type":"WebPage","@id":"https:\/\/emob-italia.it\/2018\/04\/23\/unificazione-delle-agevolazioni-mobilita-elettrica-primo-passo\/","url":"https:\/\/emob-italia.it\/2018\/04\/23\/unificazione-delle-agevolazioni-mobilita-elettrica-primo-passo\/","name":"Unificazione delle agevolazioni mobilit\u00e0 elettrica primo passo &#8226; e_mob","isPartOf":{"@id":"https:\/\/emob-italia.it\/#website"},"primaryImageOfPage":{"@id":"https:\/\/emob-italia.it\/2018\/04\/23\/unificazione-delle-agevolazioni-mobilita-elettrica-primo-passo\/#primaryimage"},"image":{"@id":"https:\/\/emob-italia.it\/2018\/04\/23\/unificazione-delle-agevolazioni-mobilita-elettrica-primo-passo\/#primaryimage"},"thumbnailUrl":"https:\/\/emob-italia.it\/wp-content\/uploads\/2018\/04\/social-responsability.jpg","datePublished":"2018-04-23T09:41:09+00:00","dateModified":"2024-03-04T18:59:22+00:00","description":"e_mob \u00e8 il tavolo permanente degli stakeholder della mobilit\u00e0 elettrica in Italia. Organizza ogni anno a Milano la Conferenza Nazionale del settore, nel 2021 in programma dal 16 al 19 ottobre.","breadcrumb":{"@id":"https:\/\/emob-italia.it\/2018\/04\/23\/unificazione-delle-agevolazioni-mobilita-elettrica-primo-passo\/#breadcrumb"},"inLanguage":"en-US","potentialAction":[{"@type":"ReadAction","target":["https:\/\/emob-italia.it\/2018\/04\/23\/unificazione-delle-agevolazioni-mobilita-elettrica-primo-passo\/"]}]},{"@type":"ImageObject","inLanguage":"en-US","@id":"https:\/\/emob-italia.it\/2018\/04\/23\/unificazione-delle-agevolazioni-mobilita-elettrica-primo-passo\/#primaryimage","url":"https:\/\/emob-italia.it\/wp-content\/uploads\/2018\/04\/social-responsability.jpg","contentUrl":"https:\/\/emob-italia.it\/wp-content\/uploads\/2018\/04\/social-responsability.jpg","width":1200,"height":630},{"@type":"BreadcrumbList","@id":"https:\/\/emob-italia.it\/2018\/04\/23\/unificazione-delle-agevolazioni-mobilita-elettrica-primo-passo\/#breadcrumb","itemListElement":[{"@type":"ListItem","position":1,"name":"Home","item":"https:\/\/emob-italia.it\/en\/"},{"@type":"ListItem","position":2,"name":"Unificazione delle agevolazioni mobilit\u00e0 elettrica primo passo"}]},{"@type":"WebSite","@id":"https:\/\/emob-italia.it\/#website","url":"https:\/\/emob-italia.it\/","name":"e_mob","description":"Mobilit\u00e0 Elettrica","publisher":{"@id":"https:\/\/emob-italia.it\/#organization"},"potentialAction":[{"@type":"SearchAction","target":{"@type":"EntryPoint","urlTemplate":"https:\/\/emob-italia.it\/?s={search_term_string}"},"query-input":"required name=search_term_string"}],"inLanguage":"en-US"},{"@type":"Organization","@id":"https:\/\/emob-italia.it\/#organization","name":"Class Onlus","url":"https:\/\/emob-italia.it\/","logo":{"@type":"ImageObject","inLanguage":"en-US","@id":"https:\/\/emob-italia.it\/#\/schema\/logo\/image\/","url":"https:\/\/emob-italia.it\/wp-content\/uploads\/2019\/03\/0_CLASS-ONLUS-logo-web.png","contentUrl":"https:\/\/emob-italia.it\/wp-content\/uploads\/2019\/03\/0_CLASS-ONLUS-logo-web.png","width":598,"height":202,"caption":"Class Onlus"},"image":{"@id":"https:\/\/emob-italia.it\/#\/schema\/logo\/image\/"},"sameAs":["https:\/\/www.facebook.com\/emobitalia\/","https:\/\/www.instagram.com\/e_mob_italia\/","https:\/\/www.linkedin.com\/groups\/12186185\/","https:\/\/www.youtube.com\/channel\/UCvnTcrhggAX_AkFwGxRfqFw\/featured?view_as=subscriber"]},{"@type":"Person","@id":"https:\/\/emob-italia.it\/#\/schema\/person\/e96f2fe472d4dcca75c9ca51f8951bc5","name":"Nadia Paglia","image":{"@type":"ImageObject","inLanguage":"en-US","@id":"https:\/\/emob-italia.it\/#\/schema\/person\/image\/","url":"https:\/\/secure.gravatar.com\/avatar\/02e0cd654df2106544e1a6f3ee921a91?s=96&r=g","contentUrl":"https:\/\/secure.gravatar.com\/avatar\/02e0cd654df2106544e1a6f3ee921a91?s=96&r=g","caption":"Nadia Paglia"},"url":"https:\/\/emob-italia.it\/en\/author\/nadia-paglia\/"}]}},"_links":{"self":[{"href":"https:\/\/emob-italia.it\/en\/wp-json\/wp\/v2\/posts\/47224"}],"collection":[{"href":"https:\/\/emob-italia.it\/en\/wp-json\/wp\/v2\/posts"}],"about":[{"href":"https:\/\/emob-italia.it\/en\/wp-json\/wp\/v2\/types\/post"}],"author":[{"embeddable":true,"href":"https:\/\/emob-italia.it\/en\/wp-json\/wp\/v2\/users\/2"}],"replies":[{"embeddable":true,"href":"https:\/\/emob-italia.it\/en\/wp-json\/wp\/v2\/comments?post=47224"}],"version-history":[{"count":1,"href":"https:\/\/emob-italia.it\/en\/wp-json\/wp\/v2\/posts\/47224\/revisions"}],"predecessor-version":[{"id":64002,"href":"https:\/\/emob-italia.it\/en\/wp-json\/wp\/v2\/posts\/47224\/revisions\/64002"}],"wp:featuredmedia":[{"embeddable":true,"href":"https:\/\/emob-italia.it\/en\/wp-json\/wp\/v2\/media\/51755"}],"wp:attachment":[{"href":"https:\/\/emob-italia.it\/en\/wp-json\/wp\/v2\/media?parent=47224"}],"wp:term":[{"taxonomy":"category","embeddable":true,"href":"https:\/\/emob-italia.it\/en\/wp-json\/wp\/v2\/categories?post=47224"},{"taxonomy":"post_tag","embeddable":true,"href":"https:\/\/emob-italia.it\/en\/wp-json\/wp\/v2\/tags?post=47224"}],"curies":[{"name":"wp","href":"https:\/\/api.w.org\/{rel}","templated":true}]}}