{"id":47218,"date":"2018-04-17T07:41:02","date_gmt":"2018-04-17T07:41:02","guid":{"rendered":"https:\/\/emob2018.it\/?p=47218"},"modified":"2024-03-04T19:59:16","modified_gmt":"2024-03-04T18:59:16","slug":"news-lombardia-regione-ospitera-e_mob","status":"publish","type":"post","link":"https:\/\/emob-italia.it\/en\/2018\/04\/17\/news-lombardia-regione-ospitera-e_mob\/","title":{"rendered":"News &#8211; Lombardia: REGIONE OSPITER\u00c0 e_mob"},"content":{"rendered":"<p>[et_pb_section bb_built=&#8221;1&#8243;][et_pb_row][et_pb_column type=&#8221;4_4&#8243;][et_pb_text _builder_version=&#8221;3.0.106&#8243; background_layout=&#8221;light&#8221;]<\/p>\n<h1>News-LOMBARDIA.GIUNTA\/5, TERZI:REGIONE OSPITERA&#8217; EVENTO FINALE CONFERENZA NAZIONALE MOBILITA&#8217; ELETTRICA<\/h1>\n<p>[\/et_pb_text][et_pb_text _builder_version=&#8221;3.0.106&#8243; background_layout=&#8221;light&#8221;]<br \/>\n(news &#8211; Milano, 16 apr) &#8220;Questo e&#8217; il primo atto ufficiale da me\u00a0presentato come nuovo assessore alle Infrastrutture e sono lieta che il primo argomento riguardi la mobilita&#8217; elettrica in\u00a0un&#8217;ottica di attuazione di strategie per lo sviluppo sostenibile\u00a0e la tutela del territorio e dell&#8217;ambiente. L&#8217;ampia\u00a0collaborazione e compartecipazione a questa iniziativa e&#8217; la\u00a0dimostrazione di come unendo le forze si possano raggiungere\u00a0importanti obiettivi e traguardi ambiziosi&#8221;.<br \/>\nLo ha detto l&#8217;assessore regionale alle Infrastrutture, Trasporti\u00a0e mobilita&#8217; sostenibile Claudia Terzi, presentando la delibera\u00a0approvata oggi in Giunta che prevede un accordo di\u00a0collaborazione con il Comune di Milano e la Camera di Commercio\u00a0di Milano, Monza Brianza e Lodi per l&#8217;organizzazione dell&#8217;evento\u00a0finale che si terra&#8217; a Milano dal 27 al 29 settembre 2018 e per\u00a0il quale Regione mette a disposizione la piazza Citta&#8217; di\u00a0Lombardia e le sale di Palazzo Lombardia.<br \/>\nRegione Lombardia aderisce all&#8217;iniziativa E-MOB 2018 &#8211;\u00a0Conferenza nazionale della mobilita&#8217; elettrica, quale momento di\u00a0confronto tra il mondo istituzionale, politico, industriale e la\u00a0cittadinanza sulle opportunit\u00e0 e potenzialit\u00e0 della mobilit\u00e0\u00a0elettrica in Italia.<br \/>\nPer tre giorni la sede istituzionale di Regione diventer\u00e0 il\u00a0palcoscenico nazionale per confrontarsi a livello istituzionale\u00a0e tecnico-scientifico sulle innovazioni e sulle strategie sulla\u00a0mobilita&#8217; elettrica. Sono previsti momenti di approfondimento\u00a0scientifico e di incontro tra i diversi stakeholders aperti a\u00a0tutta la cittadinanza per conoscere cosa si sta muovendo a\u00a0livello regionale, oltre che nazionale e locale sul tema.<br \/>\nL&#8217;iniziativa E-MOB 2018, patrocinata dal Ministero\u00a0dell&#8217;Ambiente, e&#8217; in continuit\u00e0 con l&#8217;iniziativa E-MOB 2017, che\u00a0ha gi\u00e0 visto per tre giorni presso il Castello Sforzesco la\u00a0partecipazione di Regione Lombardia insieme al Comune di Milano.<br \/>\nL&#8217;edizione 2018 vede Regione Lombardia tra i soggetti promotori\u00a0insieme a Comune di Milano e Camera di Commercio di Milano,<br \/>\nMonza Brianza e Lodi, energy provider e soggetti imprenditoriali\u00a0come ENEL, A2A, Hera, Cobat, oltre a ITAS Assicurazioni e <a href=\"https:\/\/classonlus.it\/\">Class<\/a><br \/>\nOnlus, associazione coordinatrice dell&#8217;evento.<br \/>\nE-MOB 2018 mette a confronto le buone pratiche attuate dalle\u00a0pubbliche amministrazioni, in particolare dai Comuni che hanno<br \/>\naderito alla Carta Metropolitana della Mobilita&#8217; elettrica &#8211;\u00a0ossia il documento di intenti sottoscritto dai Comuni italiani\u00a0che si impegnano ad attuare politiche ed azioni per lo sviluppo\u00a0della mobilita&#8217; elettrica -, e si collega ad una serie di eventi\u00a0ed iniziative che si stanno gi\u00e0 svolgendo in tutta\u00a0Italia.<br \/>\n16-APR-2018 17:06<br \/>\nTUTTE LE NOTIZIE, LE FOTOGRAFIE E I FILMATI SONO DISPONIBILI<br \/>\nSUL PORTALE REGIONALE ALL&#8217;INDIRIZZO www.regione.lombardia.it E SULL&#8217;INDIRIZZO ACCOUNT<br \/>\nDI TWITTER DI REGIONE LOMBARDIA @LombardiaOnLine<br \/>\n&#8212;&#8212;&#8212;&#8212;&#8212;&#8212;&#8212;&#8212;&#8212;&#8212;&#8212;&#8212;&#8212;&#8212;&#8212;&#8212;&#8212;&#8212;&#8211;<br \/>\nLOMBARDIA NOTIZIE &#8211; TEL: 02.67655315 &#8211; FAX: 02.67654209<br \/>\ne-mail: lombardia.notizie@regione.lombardia.it<br \/>\n[\/et_pb_text][\/et_pb_column][\/et_pb_row][\/et_pb_section]<\/p>\n","protected":false},"excerpt":{"rendered":"<p>Claudia Terzi: Questo e\u2019 il primo atto ufficiale da me presentato come nuovo assessore alle Infrastrutture e sono lieta che il primo argomento riguardi la mobilita\u2019 elettrica in un\u2019ottica di attuazione di strategie per lo sviluppo sostenibile e la tutela del territorio e dell\u2019ambiente. L\u2019ampia collaborazione e compartecipazione a questa iniziativa e\u2019 la dimostrazione di come unendo le forze si possano raggiungere importanti obiettivi e traguardi ambiziosi.<\/p>\n","protected":false},"author":2,"featured_media":51758,"comment_status":"open","ping_status":"open","sticky":false,"template":"","format":"standard","meta":{"_et_pb_use_builder":"on","_et_pb_old_content":"","_et_gb_content_width":"","_exactmetrics_skip_tracking":false,"_exactmetrics_sitenote_active":false,"_exactmetrics_sitenote_note":"","_exactmetrics_sitenote_category":0,"footnotes":""},"categories":[15,337,26],"tags":[165,10,17],"yoast_head":"<!-- This site is optimized with the Yoast SEO plugin v22.9 - https:\/\/yoast.com\/wordpress\/plugins\/seo\/ -->\n<title>News - Lombardia: REGIONE OSPITER\u00c0 e_mob &#8226; e_mob<\/title>\n<meta name=\"description\" content=\"e_mob \u00e8 il tavolo permanente degli stakeholder della mobilit\u00e0 elettrica in Italia. Organizza ogni anno a Milano la Conferenza Nazionale del settore, nel 2021 in programma dal 16 al 19 ottobre.\" \/>\n<meta name=\"robots\" content=\"index, follow, max-snippet:-1, max-image-preview:large, max-video-preview:-1\" \/>\n<link rel=\"canonical\" href=\"https:\/\/emob-italia.it\/2018\/04\/17\/news-lombardia-regione-ospitera-e_mob\/\" \/>\n<meta property=\"og:locale\" content=\"en_US\" \/>\n<meta property=\"og:type\" content=\"article\" \/>\n<meta property=\"og:title\" content=\"News - Lombardia: REGIONE OSPITER\u00c0 e_mob &#8226; e_mob\" \/>\n<meta property=\"og:description\" content=\"e_mob \u00e8 il tavolo permanente degli stakeholder della mobilit\u00e0 elettrica in Italia. Organizza ogni anno a Milano la Conferenza Nazionale del settore, nel 2021 in programma dal 16 al 19 ottobre.\" \/>\n<meta property=\"og:url\" content=\"https:\/\/emob-italia.it\/2018\/04\/17\/news-lombardia-regione-ospitera-e_mob\/\" \/>\n<meta property=\"og:site_name\" content=\"e_mob\" \/>\n<meta property=\"article:publisher\" content=\"https:\/\/www.facebook.com\/emobitalia\/\" \/>\n<meta property=\"article:published_time\" content=\"2018-04-17T07:41:02+00:00\" \/>\n<meta property=\"article:modified_time\" content=\"2024-03-04T18:59:16+00:00\" \/>\n<meta property=\"og:image\" content=\"https:\/\/emob-italia.it\/wp-content\/uploads\/2018\/04\/regione-ospita-emob.jpg\" \/>\n\t<meta property=\"og:image:width\" content=\"902\" \/>\n\t<meta property=\"og:image:height\" content=\"630\" \/>\n\t<meta property=\"og:image:type\" content=\"image\/jpeg\" \/>\n<meta name=\"author\" content=\"Nadia Paglia\" \/>\n<meta name=\"twitter:label1\" content=\"Written by\" \/>\n\t<meta name=\"twitter:data1\" content=\"Nadia Paglia\" \/>\n\t<meta name=\"twitter:label2\" content=\"Est. reading time\" \/>\n\t<meta name=\"twitter:data2\" content=\"2 minutes\" \/>\n<script type=\"application\/ld+json\" class=\"yoast-schema-graph\">{\"@context\":\"https:\/\/schema.org\",\"@graph\":[{\"@type\":\"Article\",\"@id\":\"https:\/\/emob-italia.it\/2018\/04\/17\/news-lombardia-regione-ospitera-e_mob\/#article\",\"isPartOf\":{\"@id\":\"https:\/\/emob-italia.it\/2018\/04\/17\/news-lombardia-regione-ospitera-e_mob\/\"},\"author\":{\"name\":\"Nadia Paglia\",\"@id\":\"https:\/\/emob-italia.it\/#\/schema\/person\/e96f2fe472d4dcca75c9ca51f8951bc5\"},\"headline\":\"News &#8211; Lombardia: REGIONE OSPITER\u00c0 e_mob\",\"datePublished\":\"2018-04-17T07:41:02+00:00\",\"dateModified\":\"2024-03-04T18:59:16+00:00\",\"mainEntityOfPage\":{\"@id\":\"https:\/\/emob-italia.it\/2018\/04\/17\/news-lombardia-regione-ospitera-e_mob\/\"},\"wordCount\":496,\"commentCount\":0,\"publisher\":{\"@id\":\"https:\/\/emob-italia.it\/#organization\"},\"image\":{\"@id\":\"https:\/\/emob-italia.it\/2018\/04\/17\/news-lombardia-regione-ospitera-e_mob\/#primaryimage\"},\"thumbnailUrl\":\"https:\/\/emob-italia.it\/wp-content\/uploads\/2018\/04\/regione-ospita-emob.jpg\",\"keywords\":[\"emob\",\"mobilit\u00e0 elettrica\",\"Regione Lombardia\"],\"articleSection\":[\"#emob2018\",\"Aprile 2018\",\"Notizie\"],\"inLanguage\":\"en-US\",\"potentialAction\":[{\"@type\":\"CommentAction\",\"name\":\"Comment\",\"target\":[\"https:\/\/emob-italia.it\/2018\/04\/17\/news-lombardia-regione-ospitera-e_mob\/#respond\"]}]},{\"@type\":\"WebPage\",\"@id\":\"https:\/\/emob-italia.it\/2018\/04\/17\/news-lombardia-regione-ospitera-e_mob\/\",\"url\":\"https:\/\/emob-italia.it\/2018\/04\/17\/news-lombardia-regione-ospitera-e_mob\/\",\"name\":\"News - Lombardia: REGIONE OSPITER\u00c0 e_mob &#8226; e_mob\",\"isPartOf\":{\"@id\":\"https:\/\/emob-italia.it\/#website\"},\"primaryImageOfPage\":{\"@id\":\"https:\/\/emob-italia.it\/2018\/04\/17\/news-lombardia-regione-ospitera-e_mob\/#primaryimage\"},\"image\":{\"@id\":\"https:\/\/emob-italia.it\/2018\/04\/17\/news-lombardia-regione-ospitera-e_mob\/#primaryimage\"},\"thumbnailUrl\":\"https:\/\/emob-italia.it\/wp-content\/uploads\/2018\/04\/regione-ospita-emob.jpg\",\"datePublished\":\"2018-04-17T07:41:02+00:00\",\"dateModified\":\"2024-03-04T18:59:16+00:00\",\"description\":\"e_mob \u00e8 il tavolo permanente degli stakeholder della mobilit\u00e0 elettrica in Italia. Organizza ogni anno a Milano la Conferenza Nazionale del settore, nel 2021 in programma dal 16 al 19 ottobre.\",\"breadcrumb\":{\"@id\":\"https:\/\/emob-italia.it\/2018\/04\/17\/news-lombardia-regione-ospitera-e_mob\/#breadcrumb\"},\"inLanguage\":\"en-US\",\"potentialAction\":[{\"@type\":\"ReadAction\",\"target\":[\"https:\/\/emob-italia.it\/2018\/04\/17\/news-lombardia-regione-ospitera-e_mob\/\"]}]},{\"@type\":\"ImageObject\",\"inLanguage\":\"en-US\",\"@id\":\"https:\/\/emob-italia.it\/2018\/04\/17\/news-lombardia-regione-ospitera-e_mob\/#primaryimage\",\"url\":\"https:\/\/emob-italia.it\/wp-content\/uploads\/2018\/04\/regione-ospita-emob.jpg\",\"contentUrl\":\"https:\/\/emob-italia.it\/wp-content\/uploads\/2018\/04\/regione-ospita-emob.jpg\",\"width\":902,\"height\":630},{\"@type\":\"BreadcrumbList\",\"@id\":\"https:\/\/emob-italia.it\/2018\/04\/17\/news-lombardia-regione-ospitera-e_mob\/#breadcrumb\",\"itemListElement\":[{\"@type\":\"ListItem\",\"position\":1,\"name\":\"Home\",\"item\":\"https:\/\/emob-italia.it\/en\/\"},{\"@type\":\"ListItem\",\"position\":2,\"name\":\"News &#8211; Lombardia: REGIONE OSPITER\u00c0 e_mob\"}]},{\"@type\":\"WebSite\",\"@id\":\"https:\/\/emob-italia.it\/#website\",\"url\":\"https:\/\/emob-italia.it\/\",\"name\":\"e_mob\",\"description\":\"Mobilit\u00e0 Elettrica\",\"publisher\":{\"@id\":\"https:\/\/emob-italia.it\/#organization\"},\"potentialAction\":[{\"@type\":\"SearchAction\",\"target\":{\"@type\":\"EntryPoint\",\"urlTemplate\":\"https:\/\/emob-italia.it\/?s={search_term_string}\"},\"query-input\":\"required name=search_term_string\"}],\"inLanguage\":\"en-US\"},{\"@type\":\"Organization\",\"@id\":\"https:\/\/emob-italia.it\/#organization\",\"name\":\"Class Onlus\",\"url\":\"https:\/\/emob-italia.it\/\",\"logo\":{\"@type\":\"ImageObject\",\"inLanguage\":\"en-US\",\"@id\":\"https:\/\/emob-italia.it\/#\/schema\/logo\/image\/\",\"url\":\"https:\/\/emob-italia.it\/wp-content\/uploads\/2019\/03\/0_CLASS-ONLUS-logo-web.png\",\"contentUrl\":\"https:\/\/emob-italia.it\/wp-content\/uploads\/2019\/03\/0_CLASS-ONLUS-logo-web.png\",\"width\":598,\"height\":202,\"caption\":\"Class Onlus\"},\"image\":{\"@id\":\"https:\/\/emob-italia.it\/#\/schema\/logo\/image\/\"},\"sameAs\":[\"https:\/\/www.facebook.com\/emobitalia\/\",\"https:\/\/www.instagram.com\/e_mob_italia\/\",\"https:\/\/www.linkedin.com\/groups\/12186185\/\",\"https:\/\/www.youtube.com\/channel\/UCvnTcrhggAX_AkFwGxRfqFw\/featured?view_as=subscriber\"]},{\"@type\":\"Person\",\"@id\":\"https:\/\/emob-italia.it\/#\/schema\/person\/e96f2fe472d4dcca75c9ca51f8951bc5\",\"name\":\"Nadia Paglia\",\"image\":{\"@type\":\"ImageObject\",\"inLanguage\":\"en-US\",\"@id\":\"https:\/\/emob-italia.it\/#\/schema\/person\/image\/\",\"url\":\"https:\/\/secure.gravatar.com\/avatar\/02e0cd654df2106544e1a6f3ee921a91?s=96&r=g\",\"contentUrl\":\"https:\/\/secure.gravatar.com\/avatar\/02e0cd654df2106544e1a6f3ee921a91?s=96&r=g\",\"caption\":\"Nadia Paglia\"},\"url\":\"https:\/\/emob-italia.it\/en\/author\/nadia-paglia\/\"}]}<\/script>\n<!-- \/ Yoast SEO plugin. -->","yoast_head_json":{"title":"News - Lombardia: REGIONE OSPITER\u00c0 e_mob &#8226; e_mob","description":"e_mob \u00e8 il tavolo permanente degli stakeholder della mobilit\u00e0 elettrica in Italia. Organizza ogni anno a Milano la Conferenza Nazionale del settore, nel 2021 in programma dal 16 al 19 ottobre.","robots":{"index":"index","follow":"follow","max-snippet":"max-snippet:-1","max-image-preview":"max-image-preview:large","max-video-preview":"max-video-preview:-1"},"canonical":"https:\/\/emob-italia.it\/2018\/04\/17\/news-lombardia-regione-ospitera-e_mob\/","og_locale":"en_US","og_type":"article","og_title":"News - Lombardia: REGIONE OSPITER\u00c0 e_mob &#8226; e_mob","og_description":"e_mob \u00e8 il tavolo permanente degli stakeholder della mobilit\u00e0 elettrica in Italia. Organizza ogni anno a Milano la Conferenza Nazionale del settore, nel 2021 in programma dal 16 al 19 ottobre.","og_url":"https:\/\/emob-italia.it\/2018\/04\/17\/news-lombardia-regione-ospitera-e_mob\/","og_site_name":"e_mob","article_publisher":"https:\/\/www.facebook.com\/emobitalia\/","article_published_time":"2018-04-17T07:41:02+00:00","article_modified_time":"2024-03-04T18:59:16+00:00","og_image":[{"width":902,"height":630,"url":"https:\/\/emob-italia.it\/wp-content\/uploads\/2018\/04\/regione-ospita-emob.jpg","type":"image\/jpeg"}],"author":"Nadia Paglia","twitter_misc":{"Written by":"Nadia Paglia","Est. reading time":"2 minutes"},"schema":{"@context":"https:\/\/schema.org","@graph":[{"@type":"Article","@id":"https:\/\/emob-italia.it\/2018\/04\/17\/news-lombardia-regione-ospitera-e_mob\/#article","isPartOf":{"@id":"https:\/\/emob-italia.it\/2018\/04\/17\/news-lombardia-regione-ospitera-e_mob\/"},"author":{"name":"Nadia Paglia","@id":"https:\/\/emob-italia.it\/#\/schema\/person\/e96f2fe472d4dcca75c9ca51f8951bc5"},"headline":"News &#8211; Lombardia: REGIONE OSPITER\u00c0 e_mob","datePublished":"2018-04-17T07:41:02+00:00","dateModified":"2024-03-04T18:59:16+00:00","mainEntityOfPage":{"@id":"https:\/\/emob-italia.it\/2018\/04\/17\/news-lombardia-regione-ospitera-e_mob\/"},"wordCount":496,"commentCount":0,"publisher":{"@id":"https:\/\/emob-italia.it\/#organization"},"image":{"@id":"https:\/\/emob-italia.it\/2018\/04\/17\/news-lombardia-regione-ospitera-e_mob\/#primaryimage"},"thumbnailUrl":"https:\/\/emob-italia.it\/wp-content\/uploads\/2018\/04\/regione-ospita-emob.jpg","keywords":["emob","mobilit\u00e0 elettrica","Regione Lombardia"],"articleSection":["#emob2018","Aprile 2018","Notizie"],"inLanguage":"en-US","potentialAction":[{"@type":"CommentAction","name":"Comment","target":["https:\/\/emob-italia.it\/2018\/04\/17\/news-lombardia-regione-ospitera-e_mob\/#respond"]}]},{"@type":"WebPage","@id":"https:\/\/emob-italia.it\/2018\/04\/17\/news-lombardia-regione-ospitera-e_mob\/","url":"https:\/\/emob-italia.it\/2018\/04\/17\/news-lombardia-regione-ospitera-e_mob\/","name":"News - Lombardia: REGIONE OSPITER\u00c0 e_mob &#8226; e_mob","isPartOf":{"@id":"https:\/\/emob-italia.it\/#website"},"primaryImageOfPage":{"@id":"https:\/\/emob-italia.it\/2018\/04\/17\/news-lombardia-regione-ospitera-e_mob\/#primaryimage"},"image":{"@id":"https:\/\/emob-italia.it\/2018\/04\/17\/news-lombardia-regione-ospitera-e_mob\/#primaryimage"},"thumbnailUrl":"https:\/\/emob-italia.it\/wp-content\/uploads\/2018\/04\/regione-ospita-emob.jpg","datePublished":"2018-04-17T07:41:02+00:00","dateModified":"2024-03-04T18:59:16+00:00","description":"e_mob \u00e8 il tavolo permanente degli stakeholder della mobilit\u00e0 elettrica in Italia. Organizza ogni anno a Milano la Conferenza Nazionale del settore, nel 2021 in programma dal 16 al 19 ottobre.","breadcrumb":{"@id":"https:\/\/emob-italia.it\/2018\/04\/17\/news-lombardia-regione-ospitera-e_mob\/#breadcrumb"},"inLanguage":"en-US","potentialAction":[{"@type":"ReadAction","target":["https:\/\/emob-italia.it\/2018\/04\/17\/news-lombardia-regione-ospitera-e_mob\/"]}]},{"@type":"ImageObject","inLanguage":"en-US","@id":"https:\/\/emob-italia.it\/2018\/04\/17\/news-lombardia-regione-ospitera-e_mob\/#primaryimage","url":"https:\/\/emob-italia.it\/wp-content\/uploads\/2018\/04\/regione-ospita-emob.jpg","contentUrl":"https:\/\/emob-italia.it\/wp-content\/uploads\/2018\/04\/regione-ospita-emob.jpg","width":902,"height":630},{"@type":"BreadcrumbList","@id":"https:\/\/emob-italia.it\/2018\/04\/17\/news-lombardia-regione-ospitera-e_mob\/#breadcrumb","itemListElement":[{"@type":"ListItem","position":1,"name":"Home","item":"https:\/\/emob-italia.it\/en\/"},{"@type":"ListItem","position":2,"name":"News &#8211; Lombardia: REGIONE OSPITER\u00c0 e_mob"}]},{"@type":"WebSite","@id":"https:\/\/emob-italia.it\/#website","url":"https:\/\/emob-italia.it\/","name":"e_mob","description":"Mobilit\u00e0 Elettrica","publisher":{"@id":"https:\/\/emob-italia.it\/#organization"},"potentialAction":[{"@type":"SearchAction","target":{"@type":"EntryPoint","urlTemplate":"https:\/\/emob-italia.it\/?s={search_term_string}"},"query-input":"required name=search_term_string"}],"inLanguage":"en-US"},{"@type":"Organization","@id":"https:\/\/emob-italia.it\/#organization","name":"Class Onlus","url":"https:\/\/emob-italia.it\/","logo":{"@type":"ImageObject","inLanguage":"en-US","@id":"https:\/\/emob-italia.it\/#\/schema\/logo\/image\/","url":"https:\/\/emob-italia.it\/wp-content\/uploads\/2019\/03\/0_CLASS-ONLUS-logo-web.png","contentUrl":"https:\/\/emob-italia.it\/wp-content\/uploads\/2019\/03\/0_CLASS-ONLUS-logo-web.png","width":598,"height":202,"caption":"Class Onlus"},"image":{"@id":"https:\/\/emob-italia.it\/#\/schema\/logo\/image\/"},"sameAs":["https:\/\/www.facebook.com\/emobitalia\/","https:\/\/www.instagram.com\/e_mob_italia\/","https:\/\/www.linkedin.com\/groups\/12186185\/","https:\/\/www.youtube.com\/channel\/UCvnTcrhggAX_AkFwGxRfqFw\/featured?view_as=subscriber"]},{"@type":"Person","@id":"https:\/\/emob-italia.it\/#\/schema\/person\/e96f2fe472d4dcca75c9ca51f8951bc5","name":"Nadia Paglia","image":{"@type":"ImageObject","inLanguage":"en-US","@id":"https:\/\/emob-italia.it\/#\/schema\/person\/image\/","url":"https:\/\/secure.gravatar.com\/avatar\/02e0cd654df2106544e1a6f3ee921a91?s=96&r=g","contentUrl":"https:\/\/secure.gravatar.com\/avatar\/02e0cd654df2106544e1a6f3ee921a91?s=96&r=g","caption":"Nadia Paglia"},"url":"https:\/\/emob-italia.it\/en\/author\/nadia-paglia\/"}]}},"_links":{"self":[{"href":"https:\/\/emob-italia.it\/en\/wp-json\/wp\/v2\/posts\/47218"}],"collection":[{"href":"https:\/\/emob-italia.it\/en\/wp-json\/wp\/v2\/posts"}],"about":[{"href":"https:\/\/emob-italia.it\/en\/wp-json\/wp\/v2\/types\/post"}],"author":[{"embeddable":true,"href":"https:\/\/emob-italia.it\/en\/wp-json\/wp\/v2\/users\/2"}],"replies":[{"embeddable":true,"href":"https:\/\/emob-italia.it\/en\/wp-json\/wp\/v2\/comments?post=47218"}],"version-history":[{"count":1,"href":"https:\/\/emob-italia.it\/en\/wp-json\/wp\/v2\/posts\/47218\/revisions"}],"predecessor-version":[{"id":64001,"href":"https:\/\/emob-italia.it\/en\/wp-json\/wp\/v2\/posts\/47218\/revisions\/64001"}],"wp:featuredmedia":[{"embeddable":true,"href":"https:\/\/emob-italia.it\/en\/wp-json\/wp\/v2\/media\/51758"}],"wp:attachment":[{"href":"https:\/\/emob-italia.it\/en\/wp-json\/wp\/v2\/media?parent=47218"}],"wp:term":[{"taxonomy":"category","embeddable":true,"href":"https:\/\/emob-italia.it\/en\/wp-json\/wp\/v2\/categories?post=47218"},{"taxonomy":"post_tag","embeddable":true,"href":"https:\/\/emob-italia.it\/en\/wp-json\/wp\/v2\/tags?post=47218"}],"curies":[{"name":"wp","href":"https:\/\/api.w.org\/{rel}","templated":true}]}}