{"id":47017,"date":"2018-04-09T06:45:58","date_gmt":"2018-04-09T06:45:58","guid":{"rendered":"https:\/\/emob2018.it\/?p=47017"},"modified":"2024-03-04T19:59:07","modified_gmt":"2024-03-04T18:59:07","slug":"mobilita-elettrica-roma-e-non-solo","status":"publish","type":"post","link":"https:\/\/emob-italia.it\/en\/2018\/04\/09\/mobilita-elettrica-roma-e-non-solo\/","title":{"rendered":"Mobilit\u00e0 Elettrica Roma e non solo\u2026"},"content":{"rendered":"<p>[et_pb_section bb_built=&#8221;1&#8243;][et_pb_row][et_pb_column type=&#8221;1_3&#8243;][et_pb_image _builder_version=&#8221;3.0.106&#8243; src=&#8221;https:\/\/mobilitaelettricaroma.files.wordpress.com\/2018\/03\/raduno-veicoli-elettrici-20182.jpg&#8221; show_in_lightbox=&#8221;off&#8221; url_new_window=&#8221;off&#8221; use_overlay=&#8221;off&#8221; always_center_on_mobile=&#8221;on&#8221; force_fullwidth=&#8221;off&#8221; show_bottom_space=&#8221;on&#8221; \/][\/et_pb_column][et_pb_column type=&#8221;2_3&#8243;][et_pb_text _builder_version=&#8221;3.0.106&#8243; background_layout=&#8221;light&#8221;]<br \/>\nNon ci posso credere \u2026 questa \u00e8 stata l\u2019esultanza che abbiamo fatto in CLASS dopo aver letto ieri la notizia. Non ci sperava pi\u00f9 nessuno, i primis i nostri stessi delegati a Roma.<br \/>\nNumerosi giri di telefonate, permessi che tardavano ad arrivare, ingranaggi burocratici \u201carrugginiti\u201d \u2026 burocrazia \u2026 tanta burocrazia \u2026 troppa per un evento che dovrebbe essere concesso gratuitamente. Ci siamo chiesti persino se aspettassero una qualche resurrezione per concederci lo spazio che merita il futuro. Si perch\u00e8 qua crediamo in un futuro elettrico che con il suo sviluppo rende, gi\u00e0 ora, la mobilit\u00e0 ed i trasporti pi\u00f9 sostenibili \u2026 e da oggi anche le gare automobilistiche\/sportive!<br \/>\nVi diamo il link del dettaglio\u00a0cliccate\u00a0<a href=\"https:\/\/mobilitaelettricaroma.wordpress.com\/2018\/03\/21\/raduno-nazionale-veicoli-elettrici-roma-15-04-2018\/\">qui e buon evento!<\/a><br \/>\n[\/et_pb_text][\/et_pb_column][\/et_pb_row][\/et_pb_section]<\/p>\n","protected":false},"excerpt":{"rendered":"<p>In occasione dell\u2019e-prix di Roma che si terr\u00e0 nel fine settimana del 13-15 Aprile 2018 abbiamo organizzato il Raduno Nazionale Veicoli Elettrici 2018.<\/p>\n","protected":false},"author":2,"featured_media":51763,"comment_status":"open","ping_status":"open","sticky":false,"template":"","format":"standard","meta":{"_et_pb_use_builder":"on","_et_pb_old_content":"","_et_gb_content_width":"","_exactmetrics_skip_tracking":false,"_exactmetrics_sitenote_active":false,"_exactmetrics_sitenote_note":"","_exactmetrics_sitenote_category":0,"footnotes":""},"categories":[337,12],"tags":[8,165,14,11],"yoast_head":"<!-- This site is optimized with the Yoast SEO plugin v22.9 - https:\/\/yoast.com\/wordpress\/plugins\/seo\/ -->\n<title>Mobilit\u00e0 Elettrica Roma e non solo\u2026 &#8226; e_mob<\/title>\n<meta name=\"description\" content=\"e_mob \u00e8 il tavolo permanente degli stakeholder della mobilit\u00e0 elettrica in Italia. Organizza ogni anno a Milano la Conferenza Nazionale del settore, nel 2021 in programma dal 16 al 19 ottobre.\" \/>\n<meta name=\"robots\" content=\"index, follow, max-snippet:-1, max-image-preview:large, max-video-preview:-1\" \/>\n<link rel=\"canonical\" href=\"https:\/\/emob-italia.it\/2018\/04\/09\/mobilita-elettrica-roma-e-non-solo\/\" \/>\n<meta property=\"og:locale\" content=\"en_US\" \/>\n<meta property=\"og:type\" content=\"article\" \/>\n<meta property=\"og:title\" content=\"Mobilit\u00e0 Elettrica Roma e non solo\u2026 &#8226; e_mob\" \/>\n<meta property=\"og:description\" content=\"e_mob \u00e8 il tavolo permanente degli stakeholder della mobilit\u00e0 elettrica in Italia. Organizza ogni anno a Milano la Conferenza Nazionale del settore, nel 2021 in programma dal 16 al 19 ottobre.\" \/>\n<meta property=\"og:url\" content=\"https:\/\/emob-italia.it\/2018\/04\/09\/mobilita-elettrica-roma-e-non-solo\/\" \/>\n<meta property=\"og:site_name\" content=\"e_mob\" \/>\n<meta property=\"article:publisher\" content=\"https:\/\/www.facebook.com\/emobitalia\/\" \/>\n<meta property=\"article:published_time\" content=\"2018-04-09T06:45:58+00:00\" \/>\n<meta property=\"article:modified_time\" content=\"2024-03-04T18:59:07+00:00\" \/>\n<meta property=\"og:image\" content=\"https:\/\/emob-italia.it\/wp-content\/uploads\/2018\/04\/raduno-roma.jpg\" \/>\n\t<meta property=\"og:image:width\" content=\"1200\" \/>\n\t<meta property=\"og:image:height\" content=\"442\" \/>\n\t<meta property=\"og:image:type\" content=\"image\/jpeg\" \/>\n<meta name=\"author\" content=\"Nadia Paglia\" \/>\n<meta name=\"twitter:label1\" content=\"Written by\" \/>\n\t<meta name=\"twitter:data1\" content=\"Nadia Paglia\" \/>\n\t<meta name=\"twitter:label2\" content=\"Est. reading time\" \/>\n\t<meta name=\"twitter:data2\" content=\"1 minute\" \/>\n<script type=\"application\/ld+json\" class=\"yoast-schema-graph\">{\"@context\":\"https:\/\/schema.org\",\"@graph\":[{\"@type\":\"Article\",\"@id\":\"https:\/\/emob-italia.it\/2018\/04\/09\/mobilita-elettrica-roma-e-non-solo\/#article\",\"isPartOf\":{\"@id\":\"https:\/\/emob-italia.it\/2018\/04\/09\/mobilita-elettrica-roma-e-non-solo\/\"},\"author\":{\"name\":\"Nadia Paglia\",\"@id\":\"https:\/\/emob-italia.it\/#\/schema\/person\/e96f2fe472d4dcca75c9ca51f8951bc5\"},\"headline\":\"Mobilit\u00e0 Elettrica Roma e non solo\u2026\",\"datePublished\":\"2018-04-09T06:45:58+00:00\",\"dateModified\":\"2024-03-04T18:59:07+00:00\",\"mainEntityOfPage\":{\"@id\":\"https:\/\/emob-italia.it\/2018\/04\/09\/mobilita-elettrica-roma-e-non-solo\/\"},\"wordCount\":196,\"commentCount\":0,\"publisher\":{\"@id\":\"https:\/\/emob-italia.it\/#organization\"},\"image\":{\"@id\":\"https:\/\/emob-italia.it\/2018\/04\/09\/mobilita-elettrica-roma-e-non-solo\/#primaryimage\"},\"thumbnailUrl\":\"https:\/\/emob-italia.it\/wp-content\/uploads\/2018\/04\/raduno-roma.jpg\",\"keywords\":[\"Auto Elettriche\",\"emob\",\"Mezzi elettrici\",\"Mobilit\u00e0 Sostenibile\"],\"articleSection\":[\"Aprile 2018\",\"Raduni\"],\"inLanguage\":\"en-US\",\"potentialAction\":[{\"@type\":\"CommentAction\",\"name\":\"Comment\",\"target\":[\"https:\/\/emob-italia.it\/2018\/04\/09\/mobilita-elettrica-roma-e-non-solo\/#respond\"]}]},{\"@type\":\"WebPage\",\"@id\":\"https:\/\/emob-italia.it\/2018\/04\/09\/mobilita-elettrica-roma-e-non-solo\/\",\"url\":\"https:\/\/emob-italia.it\/2018\/04\/09\/mobilita-elettrica-roma-e-non-solo\/\",\"name\":\"Mobilit\u00e0 Elettrica Roma e non solo\u2026 &#8226; e_mob\",\"isPartOf\":{\"@id\":\"https:\/\/emob-italia.it\/#website\"},\"primaryImageOfPage\":{\"@id\":\"https:\/\/emob-italia.it\/2018\/04\/09\/mobilita-elettrica-roma-e-non-solo\/#primaryimage\"},\"image\":{\"@id\":\"https:\/\/emob-italia.it\/2018\/04\/09\/mobilita-elettrica-roma-e-non-solo\/#primaryimage\"},\"thumbnailUrl\":\"https:\/\/emob-italia.it\/wp-content\/uploads\/2018\/04\/raduno-roma.jpg\",\"datePublished\":\"2018-04-09T06:45:58+00:00\",\"dateModified\":\"2024-03-04T18:59:07+00:00\",\"description\":\"e_mob \u00e8 il tavolo permanente degli stakeholder della mobilit\u00e0 elettrica in Italia. Organizza ogni anno a Milano la Conferenza Nazionale del settore, nel 2021 in programma dal 16 al 19 ottobre.\",\"breadcrumb\":{\"@id\":\"https:\/\/emob-italia.it\/2018\/04\/09\/mobilita-elettrica-roma-e-non-solo\/#breadcrumb\"},\"inLanguage\":\"en-US\",\"potentialAction\":[{\"@type\":\"ReadAction\",\"target\":[\"https:\/\/emob-italia.it\/2018\/04\/09\/mobilita-elettrica-roma-e-non-solo\/\"]}]},{\"@type\":\"ImageObject\",\"inLanguage\":\"en-US\",\"@id\":\"https:\/\/emob-italia.it\/2018\/04\/09\/mobilita-elettrica-roma-e-non-solo\/#primaryimage\",\"url\":\"https:\/\/emob-italia.it\/wp-content\/uploads\/2018\/04\/raduno-roma.jpg\",\"contentUrl\":\"https:\/\/emob-italia.it\/wp-content\/uploads\/2018\/04\/raduno-roma.jpg\",\"width\":1200,\"height\":442},{\"@type\":\"BreadcrumbList\",\"@id\":\"https:\/\/emob-italia.it\/2018\/04\/09\/mobilita-elettrica-roma-e-non-solo\/#breadcrumb\",\"itemListElement\":[{\"@type\":\"ListItem\",\"position\":1,\"name\":\"Home\",\"item\":\"https:\/\/emob-italia.it\/en\/\"},{\"@type\":\"ListItem\",\"position\":2,\"name\":\"Mobilit\u00e0 Elettrica Roma e non solo\u2026\"}]},{\"@type\":\"WebSite\",\"@id\":\"https:\/\/emob-italia.it\/#website\",\"url\":\"https:\/\/emob-italia.it\/\",\"name\":\"e_mob\",\"description\":\"Mobilit\u00e0 Elettrica\",\"publisher\":{\"@id\":\"https:\/\/emob-italia.it\/#organization\"},\"potentialAction\":[{\"@type\":\"SearchAction\",\"target\":{\"@type\":\"EntryPoint\",\"urlTemplate\":\"https:\/\/emob-italia.it\/?s={search_term_string}\"},\"query-input\":\"required name=search_term_string\"}],\"inLanguage\":\"en-US\"},{\"@type\":\"Organization\",\"@id\":\"https:\/\/emob-italia.it\/#organization\",\"name\":\"Class Onlus\",\"url\":\"https:\/\/emob-italia.it\/\",\"logo\":{\"@type\":\"ImageObject\",\"inLanguage\":\"en-US\",\"@id\":\"https:\/\/emob-italia.it\/#\/schema\/logo\/image\/\",\"url\":\"https:\/\/emob-italia.it\/wp-content\/uploads\/2019\/03\/0_CLASS-ONLUS-logo-web.png\",\"contentUrl\":\"https:\/\/emob-italia.it\/wp-content\/uploads\/2019\/03\/0_CLASS-ONLUS-logo-web.png\",\"width\":598,\"height\":202,\"caption\":\"Class Onlus\"},\"image\":{\"@id\":\"https:\/\/emob-italia.it\/#\/schema\/logo\/image\/\"},\"sameAs\":[\"https:\/\/www.facebook.com\/emobitalia\/\",\"https:\/\/www.instagram.com\/e_mob_italia\/\",\"https:\/\/www.linkedin.com\/groups\/12186185\/\",\"https:\/\/www.youtube.com\/channel\/UCvnTcrhggAX_AkFwGxRfqFw\/featured?view_as=subscriber\"]},{\"@type\":\"Person\",\"@id\":\"https:\/\/emob-italia.it\/#\/schema\/person\/e96f2fe472d4dcca75c9ca51f8951bc5\",\"name\":\"Nadia Paglia\",\"image\":{\"@type\":\"ImageObject\",\"inLanguage\":\"en-US\",\"@id\":\"https:\/\/emob-italia.it\/#\/schema\/person\/image\/\",\"url\":\"https:\/\/secure.gravatar.com\/avatar\/02e0cd654df2106544e1a6f3ee921a91?s=96&r=g\",\"contentUrl\":\"https:\/\/secure.gravatar.com\/avatar\/02e0cd654df2106544e1a6f3ee921a91?s=96&r=g\",\"caption\":\"Nadia Paglia\"},\"url\":\"https:\/\/emob-italia.it\/en\/author\/nadia-paglia\/\"}]}<\/script>\n<!-- \/ Yoast SEO plugin. -->","yoast_head_json":{"title":"Mobilit\u00e0 Elettrica Roma e non solo\u2026 &#8226; e_mob","description":"e_mob \u00e8 il tavolo permanente degli stakeholder della mobilit\u00e0 elettrica in Italia. Organizza ogni anno a Milano la Conferenza Nazionale del settore, nel 2021 in programma dal 16 al 19 ottobre.","robots":{"index":"index","follow":"follow","max-snippet":"max-snippet:-1","max-image-preview":"max-image-preview:large","max-video-preview":"max-video-preview:-1"},"canonical":"https:\/\/emob-italia.it\/2018\/04\/09\/mobilita-elettrica-roma-e-non-solo\/","og_locale":"en_US","og_type":"article","og_title":"Mobilit\u00e0 Elettrica Roma e non solo\u2026 &#8226; e_mob","og_description":"e_mob \u00e8 il tavolo permanente degli stakeholder della mobilit\u00e0 elettrica in Italia. Organizza ogni anno a Milano la Conferenza Nazionale del settore, nel 2021 in programma dal 16 al 19 ottobre.","og_url":"https:\/\/emob-italia.it\/2018\/04\/09\/mobilita-elettrica-roma-e-non-solo\/","og_site_name":"e_mob","article_publisher":"https:\/\/www.facebook.com\/emobitalia\/","article_published_time":"2018-04-09T06:45:58+00:00","article_modified_time":"2024-03-04T18:59:07+00:00","og_image":[{"width":1200,"height":442,"url":"https:\/\/emob-italia.it\/wp-content\/uploads\/2018\/04\/raduno-roma.jpg","type":"image\/jpeg"}],"author":"Nadia Paglia","twitter_misc":{"Written by":"Nadia Paglia","Est. reading time":"1 minute"},"schema":{"@context":"https:\/\/schema.org","@graph":[{"@type":"Article","@id":"https:\/\/emob-italia.it\/2018\/04\/09\/mobilita-elettrica-roma-e-non-solo\/#article","isPartOf":{"@id":"https:\/\/emob-italia.it\/2018\/04\/09\/mobilita-elettrica-roma-e-non-solo\/"},"author":{"name":"Nadia Paglia","@id":"https:\/\/emob-italia.it\/#\/schema\/person\/e96f2fe472d4dcca75c9ca51f8951bc5"},"headline":"Mobilit\u00e0 Elettrica Roma e non solo\u2026","datePublished":"2018-04-09T06:45:58+00:00","dateModified":"2024-03-04T18:59:07+00:00","mainEntityOfPage":{"@id":"https:\/\/emob-italia.it\/2018\/04\/09\/mobilita-elettrica-roma-e-non-solo\/"},"wordCount":196,"commentCount":0,"publisher":{"@id":"https:\/\/emob-italia.it\/#organization"},"image":{"@id":"https:\/\/emob-italia.it\/2018\/04\/09\/mobilita-elettrica-roma-e-non-solo\/#primaryimage"},"thumbnailUrl":"https:\/\/emob-italia.it\/wp-content\/uploads\/2018\/04\/raduno-roma.jpg","keywords":["Auto Elettriche","emob","Mezzi elettrici","Mobilit\u00e0 Sostenibile"],"articleSection":["Aprile 2018","Raduni"],"inLanguage":"en-US","potentialAction":[{"@type":"CommentAction","name":"Comment","target":["https:\/\/emob-italia.it\/2018\/04\/09\/mobilita-elettrica-roma-e-non-solo\/#respond"]}]},{"@type":"WebPage","@id":"https:\/\/emob-italia.it\/2018\/04\/09\/mobilita-elettrica-roma-e-non-solo\/","url":"https:\/\/emob-italia.it\/2018\/04\/09\/mobilita-elettrica-roma-e-non-solo\/","name":"Mobilit\u00e0 Elettrica Roma e non solo\u2026 &#8226; e_mob","isPartOf":{"@id":"https:\/\/emob-italia.it\/#website"},"primaryImageOfPage":{"@id":"https:\/\/emob-italia.it\/2018\/04\/09\/mobilita-elettrica-roma-e-non-solo\/#primaryimage"},"image":{"@id":"https:\/\/emob-italia.it\/2018\/04\/09\/mobilita-elettrica-roma-e-non-solo\/#primaryimage"},"thumbnailUrl":"https:\/\/emob-italia.it\/wp-content\/uploads\/2018\/04\/raduno-roma.jpg","datePublished":"2018-04-09T06:45:58+00:00","dateModified":"2024-03-04T18:59:07+00:00","description":"e_mob \u00e8 il tavolo permanente degli stakeholder della mobilit\u00e0 elettrica in Italia. Organizza ogni anno a Milano la Conferenza Nazionale del settore, nel 2021 in programma dal 16 al 19 ottobre.","breadcrumb":{"@id":"https:\/\/emob-italia.it\/2018\/04\/09\/mobilita-elettrica-roma-e-non-solo\/#breadcrumb"},"inLanguage":"en-US","potentialAction":[{"@type":"ReadAction","target":["https:\/\/emob-italia.it\/2018\/04\/09\/mobilita-elettrica-roma-e-non-solo\/"]}]},{"@type":"ImageObject","inLanguage":"en-US","@id":"https:\/\/emob-italia.it\/2018\/04\/09\/mobilita-elettrica-roma-e-non-solo\/#primaryimage","url":"https:\/\/emob-italia.it\/wp-content\/uploads\/2018\/04\/raduno-roma.jpg","contentUrl":"https:\/\/emob-italia.it\/wp-content\/uploads\/2018\/04\/raduno-roma.jpg","width":1200,"height":442},{"@type":"BreadcrumbList","@id":"https:\/\/emob-italia.it\/2018\/04\/09\/mobilita-elettrica-roma-e-non-solo\/#breadcrumb","itemListElement":[{"@type":"ListItem","position":1,"name":"Home","item":"https:\/\/emob-italia.it\/en\/"},{"@type":"ListItem","position":2,"name":"Mobilit\u00e0 Elettrica Roma e non solo\u2026"}]},{"@type":"WebSite","@id":"https:\/\/emob-italia.it\/#website","url":"https:\/\/emob-italia.it\/","name":"e_mob","description":"Mobilit\u00e0 Elettrica","publisher":{"@id":"https:\/\/emob-italia.it\/#organization"},"potentialAction":[{"@type":"SearchAction","target":{"@type":"EntryPoint","urlTemplate":"https:\/\/emob-italia.it\/?s={search_term_string}"},"query-input":"required name=search_term_string"}],"inLanguage":"en-US"},{"@type":"Organization","@id":"https:\/\/emob-italia.it\/#organization","name":"Class Onlus","url":"https:\/\/emob-italia.it\/","logo":{"@type":"ImageObject","inLanguage":"en-US","@id":"https:\/\/emob-italia.it\/#\/schema\/logo\/image\/","url":"https:\/\/emob-italia.it\/wp-content\/uploads\/2019\/03\/0_CLASS-ONLUS-logo-web.png","contentUrl":"https:\/\/emob-italia.it\/wp-content\/uploads\/2019\/03\/0_CLASS-ONLUS-logo-web.png","width":598,"height":202,"caption":"Class Onlus"},"image":{"@id":"https:\/\/emob-italia.it\/#\/schema\/logo\/image\/"},"sameAs":["https:\/\/www.facebook.com\/emobitalia\/","https:\/\/www.instagram.com\/e_mob_italia\/","https:\/\/www.linkedin.com\/groups\/12186185\/","https:\/\/www.youtube.com\/channel\/UCvnTcrhggAX_AkFwGxRfqFw\/featured?view_as=subscriber"]},{"@type":"Person","@id":"https:\/\/emob-italia.it\/#\/schema\/person\/e96f2fe472d4dcca75c9ca51f8951bc5","name":"Nadia Paglia","image":{"@type":"ImageObject","inLanguage":"en-US","@id":"https:\/\/emob-italia.it\/#\/schema\/person\/image\/","url":"https:\/\/secure.gravatar.com\/avatar\/02e0cd654df2106544e1a6f3ee921a91?s=96&r=g","contentUrl":"https:\/\/secure.gravatar.com\/avatar\/02e0cd654df2106544e1a6f3ee921a91?s=96&r=g","caption":"Nadia Paglia"},"url":"https:\/\/emob-italia.it\/en\/author\/nadia-paglia\/"}]}},"_links":{"self":[{"href":"https:\/\/emob-italia.it\/en\/wp-json\/wp\/v2\/posts\/47017"}],"collection":[{"href":"https:\/\/emob-italia.it\/en\/wp-json\/wp\/v2\/posts"}],"about":[{"href":"https:\/\/emob-italia.it\/en\/wp-json\/wp\/v2\/types\/post"}],"author":[{"embeddable":true,"href":"https:\/\/emob-italia.it\/en\/wp-json\/wp\/v2\/users\/2"}],"replies":[{"embeddable":true,"href":"https:\/\/emob-italia.it\/en\/wp-json\/wp\/v2\/comments?post=47017"}],"version-history":[{"count":1,"href":"https:\/\/emob-italia.it\/en\/wp-json\/wp\/v2\/posts\/47017\/revisions"}],"predecessor-version":[{"id":63999,"href":"https:\/\/emob-italia.it\/en\/wp-json\/wp\/v2\/posts\/47017\/revisions\/63999"}],"wp:featuredmedia":[{"embeddable":true,"href":"https:\/\/emob-italia.it\/en\/wp-json\/wp\/v2\/media\/51763"}],"wp:attachment":[{"href":"https:\/\/emob-italia.it\/en\/wp-json\/wp\/v2\/media?parent=47017"}],"wp:term":[{"taxonomy":"category","embeddable":true,"href":"https:\/\/emob-italia.it\/en\/wp-json\/wp\/v2\/categories?post=47017"},{"taxonomy":"post_tag","embeddable":true,"href":"https:\/\/emob-italia.it\/en\/wp-json\/wp\/v2\/tags?post=47017"}],"curies":[{"name":"wp","href":"https:\/\/api.w.org\/{rel}","templated":true}]}}